{"id":537,"date":"2017-04-06T15:10:52","date_gmt":"2017-04-06T15:10:52","guid":{"rendered":"http:\/\/teatrointimo.com\/?p=1206"},"modified":"2017-04-06T15:10:52","modified_gmt":"2017-04-06T15:10:52","slug":"colegio-la-salle-de-alcoy-inquietos-por-vincular-a-las-familias-en-la-educacion","status":"publish","type":"post","link":"https:\/\/miguelangelmontilla.es\/?p=537","title":{"rendered":"Colegio LA SALLE de ALCOY, inquietos por vincular a las familias en la educaci\u00f3n&#8230;"},"content":{"rendered":"<p>EL pasado s\u00e1bado anduve contando en LA SALLE de Alcoi, el espacio est\u00e1 enclavado en un barranco donde da la sensaci\u00f3n de una escuela en el bosque.<\/p>\n<p>A la sesi\u00f3n vinieron padres e hijos en comitiva alegre,<\/p>\n<p>acto seguido hab\u00eda unos talleres denominados de \u00abhara\u00bb. (me llamo especialmente la atenci\u00f3n el nombre)<\/p>\n<p>Al parecer son unos talleres de \u00abautoconocimiento vivencial\u00bb es decir participan padres, alumnos, docentes, personal del centro para tratar de ahondar en uno mismo, en los laberintos inescrutables y desconocidos de nuestra propia conciencia, para de esta forma revelar quienes somos y no tanto quien pretendemos ser frente a los dem\u00e1s.<\/p>\n<p>Tratar de saber donde se quedo nuestro \u00abser interior\u00bb en esta desenfrenada carrera de la vida en la que nos ponemos \u00abm\u00e1scaras\u00bb y \u00abpatrones\u00bb heredados de nuestro ancestros que limitan nuestro crecimiento personal y humano.<\/p>\n<p>Como curioso investigador me asom\u00e9 por la puertas donde se celebraban dichos talleres y sent\u00ed la presencia de algo invisible que hac\u00eda que los que all\u00ed participaran estuvieran recordando despu\u00e9s de mucho tiempo quienes eran de verdad. (sus caras ofrec\u00edan esa calma que ofrece la b\u00fasqueda del misterio que todos llevamos dentro)<\/p>\n<p>\u00c9stas son las acciones que hay que potenciar en las escuelas, para revelar la verdadera identidad de los centros educativos, lugares donde poder experimentar, sentir y so\u00f1ar&#8230;<\/p>\n<p>&nbsp;<\/p>\n<p>Gracias Belen y compa\u00f1\u00eda por aportar al mundo \u00abcriterio\u00bb y \u00abco&#8212;-raz\u00f3n\u00bb.<\/p>\n<p>&nbsp;<\/p>\n<p><a href=\"http:\/\/teatrointimo.com\/wp-content\/uploads\/2017\/04\/mamproducciones-lasallle-alcoy.jpg\" target=\"_blank\" rel=\"noopener\"><img fetchpriority=\"high\" decoding=\"async\" class=\"alignnone size-full wp-image-1207\" src=\"http:\/\/teatrointimo.com\/wp-content\/uploads\/2017\/04\/mamproducciones-lasallle-alcoy.jpg\" alt=\"mamproducciones lasallle alcoy\" width=\"275\" height=\"183\" title=\"\"><\/a><\/p>\n","protected":false},"excerpt":{"rendered":"<p>EL pasado s\u00e1bado anduve contando en LA SALLE de Alcoi, el espacio est\u00e1 enclavado en un barranco donde da la sensaci\u00f3n de una escuela en el bosque. A la sesi\u00f3n vinieron padres e hijos en comitiva alegre, acto seguido hab\u00eda unos talleres denominados de \u00abhara\u00bb. (me llamo especialmente la atenci\u00f3n el nombre) Al parecer son &hellip;<\/p>\n<p class=\"read-more\"> <a class=\"\" href=\"https:\/\/miguelangelmontilla.es\/?p=537\"> <span class=\"screen-reader-text\">Colegio LA SALLE de ALCOY, inquietos por vincular a las familias en la educaci\u00f3n&#8230;<\/span> Leer m\u00e1s &raquo;<\/a><\/p>\n","protected":false},"author":3,"featured_media":0,"comment_status":"open","ping_status":"open","sticky":false,"template":"","format":"standard","meta":{"site-sidebar-layout":"default","site-content-layout":"default","ast-global-header-display":"","ast-main-header-display":"","ast-hfb-above-header-display":"","ast-hfb-below-header-display":"","ast-hfb-mobile-header-display":"","site-post-title":"","ast-breadcrumbs-content":"","ast-featured-img":"","footer-sml-layout":"","theme-transparent-header-meta":"","adv-header-id-meta":"","stick-header-meta":"","header-above-stick-meta":"","header-main-stick-meta":"","header-below-stick-meta":"","footnotes":""},"categories":[13],"tags":[],"class_list":["post-537","post","type-post","status-publish","format-standard","hentry","category-experiencias-narracion-oral"],"_links":{"self":[{"href":"https:\/\/miguelangelmontilla.es\/index.php?rest_route=\/wp\/v2\/posts\/537","targetHints":{"allow":["GET"]}}],"collection":[{"href":"https:\/\/miguelangelmontilla.es\/index.php?rest_route=\/wp\/v2\/posts"}],"about":[{"href":"https:\/\/miguelangelmontilla.es\/index.php?rest_route=\/wp\/v2\/types\/post"}],"author":[{"embeddable":true,"href":"https:\/\/miguelangelmontilla.es\/index.php?rest_route=\/wp\/v2\/users\/3"}],"replies":[{"embeddable":true,"href":"https:\/\/miguelangelmontilla.es\/index.php?rest_route=%2Fwp%2Fv2%2Fcomments&post=537"}],"version-history":[{"count":0,"href":"https:\/\/miguelangelmontilla.es\/index.php?rest_route=\/wp\/v2\/posts\/537\/revisions"}],"wp:attachment":[{"href":"https:\/\/miguelangelmontilla.es\/index.php?rest_route=%2Fwp%2Fv2%2Fmedia&parent=537"}],"wp:term":[{"taxonomy":"category","embeddable":true,"href":"https:\/\/miguelangelmontilla.es\/index.php?rest_route=%2Fwp%2Fv2%2Fcategories&post=537"},{"taxonomy":"post_tag","embeddable":true,"href":"https:\/\/miguelangelmontilla.es\/index.php?rest_route=%2Fwp%2Fv2%2Ftags&post=537"}],"curies":[{"name":"wp","href":"https:\/\/api.w.org\/{rel}","templated":true}]}}