{"id":539,"date":"2017-03-28T09:17:58","date_gmt":"2017-03-28T09:17:58","guid":{"rendered":"http:\/\/teatrointimo.com\/?p=1201"},"modified":"2017-03-28T09:17:58","modified_gmt":"2017-03-28T09:17:58","slug":"la-roda-una-biblioteca-dinamica","status":"publish","type":"post","link":"https:\/\/miguelangelmontilla.es\/?p=539","title":{"rendered":"La Roda, una biblioteca din\u00e1mica."},"content":{"rendered":"<p>Anduve por LA RODA contando en la Biblioteca p\u00fablica. Me llamo la atenci\u00f3n una idea que llevan a cabo To\u00f1i y su compa\u00f1eras bibliotecarias.<\/p>\n<p>Se trata de crear focos de inter\u00e9s por determinados temas: Cocina, experimentpos, biograf\u00edas, ect.<\/p>\n<p>Ponen unas cajas de colores con libros de \u00e9stas tem\u00e1ticas \u00a0y mediante un concurso suscitan el inter\u00e9s por estos libros que antes permanec\u00edan en las estanter\u00edas acomulando polvo y olvido.<\/p>\n<p>Actividades como \u00e9stas son las que pueden salvar a la Biblioteca de la \u00abtiran\u00eda de lo visual\u00bb, de ese empecinamiento que llevamos los humanos en estar m\u00e1s pendientes de las pantallas que \u00a0de nuestros propios cong\u00e9neres.<\/p>\n<p>El futuro de las Bibliotecas se tambalea, algunas veces me d\u00e1 la impresi\u00f3n cuando entro a una biblioteca que es un cementerio de libros lo que all\u00ed habita puesto que cuando miro las fechas del \u00faltimo pr\u00e9stamo de algunos libros rondan las 2 d\u00e9cadas.<\/p>\n<p>Iniciativas como las de LA RODA o como las que durante a\u00f1os hacen las Bibliotecas de Villena sirven para conseguir que leer siga siendo un \u00abacto m\u00e1gico\u00bb que te transporta al mundo imaginario de otro ser y que d\u00e1 sentido al gran sin sentido de la existencia.<\/p>\n<p>&nbsp;<\/p>\n<p>&nbsp;<\/p>\n<p><a href=\"http:\/\/teatrointimo.com\/wp-content\/uploads\/2017\/03\/IMG_20170324_105856.jpg\" target=\"_blank\" rel=\"noopener\"><img fetchpriority=\"high\" decoding=\"async\" class=\"alignnone size-full wp-image-1202\" src=\"http:\/\/teatrointimo.com\/wp-content\/uploads\/2017\/03\/IMG_20170324_105856.jpg\" alt=\"IMG_20170324_105856\" width=\"675\" height=\"900\" title=\"\"><\/a><\/p>\n","protected":false},"excerpt":{"rendered":"<p>Anduve por LA RODA contando en la Biblioteca p\u00fablica. Me llamo la atenci\u00f3n una idea que llevan a cabo To\u00f1i y su compa\u00f1eras bibliotecarias. Se trata de crear focos de inter\u00e9s por determinados temas: Cocina, experimentpos, biograf\u00edas, ect. Ponen unas cajas de colores con libros de \u00e9stas tem\u00e1ticas \u00a0y mediante un concurso suscitan el inter\u00e9s &hellip;<\/p>\n<p class=\"read-more\"> <a class=\"\" href=\"https:\/\/miguelangelmontilla.es\/?p=539\"> <span class=\"screen-reader-text\">La Roda, una biblioteca din\u00e1mica.<\/span> Leer m\u00e1s &raquo;<\/a><\/p>\n","protected":false},"author":3,"featured_media":0,"comment_status":"open","ping_status":"open","sticky":false,"template":"","format":"standard","meta":{"site-sidebar-layout":"default","site-content-layout":"default","ast-global-header-display":"","ast-main-header-display":"","ast-hfb-above-header-display":"","ast-hfb-below-header-display":"","ast-hfb-mobile-header-display":"","site-post-title":"","ast-breadcrumbs-content":"","ast-featured-img":"","footer-sml-layout":"","theme-transparent-header-meta":"","adv-header-id-meta":"","stick-header-meta":"","header-above-stick-meta":"","header-main-stick-meta":"","header-below-stick-meta":"","footnotes":""},"categories":[13],"tags":[],"class_list":["post-539","post","type-post","status-publish","format-standard","hentry","category-experiencias-narracion-oral"],"_links":{"self":[{"href":"https:\/\/miguelangelmontilla.es\/index.php?rest_route=\/wp\/v2\/posts\/539","targetHints":{"allow":["GET"]}}],"collection":[{"href":"https:\/\/miguelangelmontilla.es\/index.php?rest_route=\/wp\/v2\/posts"}],"about":[{"href":"https:\/\/miguelangelmontilla.es\/index.php?rest_route=\/wp\/v2\/types\/post"}],"author":[{"embeddable":true,"href":"https:\/\/miguelangelmontilla.es\/index.php?rest_route=\/wp\/v2\/users\/3"}],"replies":[{"embeddable":true,"href":"https:\/\/miguelangelmontilla.es\/index.php?rest_route=%2Fwp%2Fv2%2Fcomments&post=539"}],"version-history":[{"count":0,"href":"https:\/\/miguelangelmontilla.es\/index.php?rest_route=\/wp\/v2\/posts\/539\/revisions"}],"wp:attachment":[{"href":"https:\/\/miguelangelmontilla.es\/index.php?rest_route=%2Fwp%2Fv2%2Fmedia&parent=539"}],"wp:term":[{"taxonomy":"category","embeddable":true,"href":"https:\/\/miguelangelmontilla.es\/index.php?rest_route=%2Fwp%2Fv2%2Fcategories&post=539"},{"taxonomy":"post_tag","embeddable":true,"href":"https:\/\/miguelangelmontilla.es\/index.php?rest_route=%2Fwp%2Fv2%2Ftags&post=539"}],"curies":[{"name":"wp","href":"https:\/\/api.w.org\/{rel}","templated":true}]}}