{"id":575,"date":"2016-07-11T12:29:28","date_gmt":"2016-07-11T12:29:28","guid":{"rendered":"http:\/\/teatrointimo.com\/?p=1083"},"modified":"2016-07-11T12:29:28","modified_gmt":"2016-07-11T12:29:28","slug":"expresion-artistica-asignatura-fundamental-para-los-ninos","status":"publish","type":"post","link":"https:\/\/miguelangelmontilla.es\/?p=575","title":{"rendered":"EXPRESI\u00d3N ART\u00cdSTICA (asignatura fundamental para los ni\u00f1os)"},"content":{"rendered":"<p>&nbsp;<\/p>\n<p><a href=\"http:\/\/teatrointimo.com\/wp-content\/uploads\/2016\/07\/CURSOS-DE-VERANO-2005-026.jpg\" target=\"_blank\" rel=\"noopener\"><img fetchpriority=\"high\" decoding=\"async\" class=\"alignnone size-full wp-image-1086\" src=\"http:\/\/teatrointimo.com\/wp-content\/uploads\/2016\/07\/CURSOS-DE-VERANO-2005-026.jpg\" alt=\"CURSOS DE VERANO 2005 026\" width=\"1200\" height=\"900\" title=\"\"><\/a><\/p>\n<p>Los ni\u00f1os tienen un imaginario propio que es cercenado en la escuela. Ellos son capaces de vivir como real su propia fantas\u00eda. Eso los convierte en verdaderos artistas puesto sus capacidad<\/p>\n<p>para inventar historias y representarla es inmensa.<\/p>\n<p>Mi trabajo como pedagogo es simplemente acotar una serie de normas que no los restringan sino que por el contrario les d\u00e9 alas y aliente su creatividad.<\/p>\n<p>Este verano estoy teniendo la suerte de trabajar en diferentes cursos que me permiten aprender de los j\u00f3venes y ni\u00f1os puesto que ellos traen un potencial inmenso que les hace dislumbrar posibilidades creativas all\u00e1 donde yo no las veo.<\/p>\n<p>Si quieres que tus hijos se expresen con libertad y alegr\u00eda en un marco de juego y teatro dales la oportunidad de participar en un curso como el que hacemos esta semana en Beneixama,\u00a0<\/p>\n<p>donde:<\/p>\n<p>&nbsp;<\/p>\n<p>se aprende a trabajar en grupo<\/p>\n<p>desarrollan su imaginaci\u00f3n<\/p>\n<p>juegan a hacer personajes<\/p>\n<p>elaboran sus propias escenograf\u00edas\u00a0<\/p>\n<p>y sobre todo<\/p>\n<p>&nbsp;<\/p>\n<p>&nbsp;<\/p>\n<p>S E \u00a0 \u00a0 D \u00a0I V I E R T E N !!!!!<\/p>\n<p>&nbsp;<\/p>\n<p><a href=\"http:\/\/teatrointimo.com\/wp-content\/uploads\/2016\/07\/CURSOS-DE-VERANO-2005-021.jpg\" target=\"_blank\" rel=\"noopener\"><img decoding=\"async\" class=\"alignnone size-full wp-image-1084\" src=\"http:\/\/teatrointimo.com\/wp-content\/uploads\/2016\/07\/CURSOS-DE-VERANO-2005-021.jpg\" alt=\"CURSOS DE VERANO 2005 021\" width=\"1200\" height=\"900\" title=\"\"><\/a><\/p>\n<p>&nbsp;<\/p>\n","protected":false},"excerpt":{"rendered":"<p>&nbsp; Los ni\u00f1os tienen un imaginario propio que es cercenado en la escuela. Ellos son capaces de vivir como real su propia fantas\u00eda. Eso los convierte en verdaderos artistas puesto sus capacidad para inventar historias y representarla es inmensa. Mi trabajo como pedagogo es simplemente acotar una serie de normas que no los restringan sino &hellip;<\/p>\n<p class=\"read-more\"> <a class=\"\" href=\"https:\/\/miguelangelmontilla.es\/?p=575\"> <span class=\"screen-reader-text\">EXPRESI\u00d3N ART\u00cdSTICA (asignatura fundamental para los ni\u00f1os)<\/span> Leer m\u00e1s &raquo;<\/a><\/p>\n","protected":false},"author":3,"featured_media":0,"comment_status":"open","ping_status":"open","sticky":false,"template":"","format":"standard","meta":{"site-sidebar-layout":"default","site-content-layout":"default","ast-global-header-display":"","ast-main-header-display":"","ast-hfb-above-header-display":"","ast-hfb-below-header-display":"","ast-hfb-mobile-header-display":"","site-post-title":"","ast-breadcrumbs-content":"","ast-featured-img":"","footer-sml-layout":"","theme-transparent-header-meta":"","adv-header-id-meta":"","stick-header-meta":"","header-above-stick-meta":"","header-main-stick-meta":"","header-below-stick-meta":"","footnotes":""},"categories":[12],"tags":[53,54,55,56,57],"class_list":["post-575","post","type-post","status-publish","format-standard","hentry","category-experiencias-pedagogia-teatral","tag-beneixamateatro","tag-cursoteatroninos","tag-cursoteatropayasos","tag-cursoteatrosensorial","tag-cursoteatrovacaciones"],"_links":{"self":[{"href":"https:\/\/miguelangelmontilla.es\/index.php?rest_route=\/wp\/v2\/posts\/575","targetHints":{"allow":["GET"]}}],"collection":[{"href":"https:\/\/miguelangelmontilla.es\/index.php?rest_route=\/wp\/v2\/posts"}],"about":[{"href":"https:\/\/miguelangelmontilla.es\/index.php?rest_route=\/wp\/v2\/types\/post"}],"author":[{"embeddable":true,"href":"https:\/\/miguelangelmontilla.es\/index.php?rest_route=\/wp\/v2\/users\/3"}],"replies":[{"embeddable":true,"href":"https:\/\/miguelangelmontilla.es\/index.php?rest_route=%2Fwp%2Fv2%2Fcomments&post=575"}],"version-history":[{"count":0,"href":"https:\/\/miguelangelmontilla.es\/index.php?rest_route=\/wp\/v2\/posts\/575\/revisions"}],"wp:attachment":[{"href":"https:\/\/miguelangelmontilla.es\/index.php?rest_route=%2Fwp%2Fv2%2Fmedia&parent=575"}],"wp:term":[{"taxonomy":"category","embeddable":true,"href":"https:\/\/miguelangelmontilla.es\/index.php?rest_route=%2Fwp%2Fv2%2Fcategories&post=575"},{"taxonomy":"post_tag","embeddable":true,"href":"https:\/\/miguelangelmontilla.es\/index.php?rest_route=%2Fwp%2Fv2%2Ftags&post=575"}],"curies":[{"name":"wp","href":"https:\/\/api.w.org\/{rel}","templated":true}]}}