{"id":581,"date":"2016-05-23T17:36:03","date_gmt":"2016-05-23T17:36:03","guid":{"rendered":"http:\/\/teatrointimo.com\/?p=1070"},"modified":"2016-05-23T17:36:03","modified_gmt":"2016-05-23T17:36:03","slug":"campana-animacion-lectora-bibliotecas-publicas-de-villena","status":"publish","type":"post","link":"https:\/\/miguelangelmontilla.es\/?p=581","title":{"rendered":"Campa\u00f1a animaci\u00f3n lectora Bibliotecas P\u00fablicas de Villena."},"content":{"rendered":"<p>Contar un cuento a un ni\u00f1o es algo m\u00e1s que entretenerlo, es abrirle un imginario nuevo, es empoderarlo para que el mismo saque sus propias conclusiones. Por eso hay que tener cuidado de lo que se cuenta para no inducir a los ni\u00f1os con dogmas que le hagan ver la realidad con un solo prisma.<\/p>\n<p>Cada d\u00eda que cuento en las Bibliotecas de Municipales, en este caso de Villena, me doy cuenta de la enorme responsabilidad que supone el lanzar mensajes a los ni\u00f1os que den apertura , que abran su mente, que les haga recapacitar, ser cr\u00edticos con un sistema que nos tiene como adormecidos pero que al tiempo nos merecemos porque lo hacemos real.<\/p>\n<p>Cada vez me gustan m\u00e1s los cuentos cuyo final no es predecible, cuyo final rompe la norma de lo que se supone que tiene que ser, los que apuestan por el pensamiento divergente que se sale de lo que marca un paradigma mental obsoleto y obtuso.<\/p>\n<p>Por ejemplo cuento la historia de un ladr\u00f3n que roba a un ni\u00f1o, al principio el ladr\u00f3n parece malo, luego resulta que roba para comer, el ni\u00f1o lo entiende y lo libera, se convierten en grandes amigos. A veces quien te agrede es porque te necesita.<\/p>\n<p>El que te roba te est\u00e1 ensa\u00f1ando que t\u00fa mismo no robes.<\/p>\n<p>O el sult\u00e1n que ten\u00eda un palacio lleno de queso y que estaba invadido de ratones hasta que aprendi\u00f3 a comer lo que necesita y a no ostentar, ni tratar de demostrar que era rico y que pod\u00eda poseer todo el queso del mundo.<\/p>\n<p>De todo lo que ostentas alg\u00fan d\u00eda sentir\u00e1s que te falta. Es una ley de equilibrios.<\/p>\n<p>O la Cigarra y el rat\u00f3n que elige al marido que no le pide casarse con ella, que no le muestra quien es \u00e9l, sino quien podemos ser juntos,<\/p>\n<p>O el amigo que regala un sombrero a su camarada y viendo que es grande se pasa toda la noche encogi\u00e9ndolo con agua calentita y calefacci\u00f3n, sin explicar que lo hizo, simplemente por el placer de hacer cosas por las personas que quieres.<\/p>\n<p>El cuento tiene el poder de hacernos ver el mundo con su miseria y su grandeza y en \u00e9l reconocemos quienes somos y en que hemos convertido este mundo. Al creer a pies juntillas que es real y darle el placer al \u201cego\u201d de creerlo tambi\u00e9n.<\/p>\n<p>Vivimos en una ilusi\u00f3n y creamos nuestra realidad y tenemos la vida que cada uno proyecta con su mente.\u00a0<\/p>\n<p>La vida es un sue\u00f1o, lo dec\u00eda Calder\u00f3n, lo corroboraba Shakespeare lo asent\u00eda Cervantes y todos nos lo contaron a trav\u00e9s de grandes cuentos.<\/p>\n<p>Cada d\u00eda en esta campa\u00f1a me pregunto si las semillas en forma de palabras germinar\u00e1n, si no es as\u00ed lo \u00fanico que me queda sentir es que hago lo que debo, y me debo a lo que hago.<\/p>\n<p><a href=\"http:\/\/teatrointimo.com\/wp-content\/uploads\/2016\/05\/uno-y-siete-rodari.jpg\" target=\"_blank\" rel=\"noopener\"><img fetchpriority=\"high\" decoding=\"async\" class=\"alignnone size-full wp-image-1072\" src=\"http:\/\/teatrointimo.com\/wp-content\/uploads\/2016\/05\/uno-y-siete-rodari.jpg\" alt=\"uno y siete rodari\" width=\"310\" height=\"163\" title=\"\"><\/a><\/p>\n<p>&nbsp;<\/p>\n","protected":false},"excerpt":{"rendered":"<p>Contar un cuento a un ni\u00f1o es algo m\u00e1s que entretenerlo, es abrirle un imginario nuevo, es empoderarlo para que el mismo saque sus propias conclusiones. Por eso hay que tener cuidado de lo que se cuenta para no inducir a los ni\u00f1os con dogmas que le hagan ver la realidad con un solo prisma. &hellip;<\/p>\n<p class=\"read-more\"> <a class=\"\" href=\"https:\/\/miguelangelmontilla.es\/?p=581\"> <span class=\"screen-reader-text\">Campa\u00f1a animaci\u00f3n lectora Bibliotecas P\u00fablicas de Villena.<\/span> Leer m\u00e1s &raquo;<\/a><\/p>\n","protected":false},"author":3,"featured_media":0,"comment_status":"open","ping_status":"open","sticky":false,"template":"","format":"standard","meta":{"site-sidebar-layout":"default","site-content-layout":"default","ast-global-header-display":"","ast-main-header-display":"","ast-hfb-above-header-display":"","ast-hfb-below-header-display":"","ast-hfb-mobile-header-display":"","site-post-title":"","ast-breadcrumbs-content":"","ast-featured-img":"","footer-sml-layout":"","theme-transparent-header-meta":"","adv-header-id-meta":"","stick-header-meta":"","header-above-stick-meta":"","header-main-stick-meta":"","header-below-stick-meta":"","footnotes":""},"categories":[1],"tags":[64,65,67,68,66],"class_list":["post-581","post","type-post","status-publish","format-standard","hentry","category-experiencia","tag-narracionoral","tag-calderon","tag-cervantes","tag-lavidaesunsueno","tag-shakespeare"],"_links":{"self":[{"href":"https:\/\/miguelangelmontilla.es\/index.php?rest_route=\/wp\/v2\/posts\/581","targetHints":{"allow":["GET"]}}],"collection":[{"href":"https:\/\/miguelangelmontilla.es\/index.php?rest_route=\/wp\/v2\/posts"}],"about":[{"href":"https:\/\/miguelangelmontilla.es\/index.php?rest_route=\/wp\/v2\/types\/post"}],"author":[{"embeddable":true,"href":"https:\/\/miguelangelmontilla.es\/index.php?rest_route=\/wp\/v2\/users\/3"}],"replies":[{"embeddable":true,"href":"https:\/\/miguelangelmontilla.es\/index.php?rest_route=%2Fwp%2Fv2%2Fcomments&post=581"}],"version-history":[{"count":0,"href":"https:\/\/miguelangelmontilla.es\/index.php?rest_route=\/wp\/v2\/posts\/581\/revisions"}],"wp:attachment":[{"href":"https:\/\/miguelangelmontilla.es\/index.php?rest_route=%2Fwp%2Fv2%2Fmedia&parent=581"}],"wp:term":[{"taxonomy":"category","embeddable":true,"href":"https:\/\/miguelangelmontilla.es\/index.php?rest_route=%2Fwp%2Fv2%2Fcategories&post=581"},{"taxonomy":"post_tag","embeddable":true,"href":"https:\/\/miguelangelmontilla.es\/index.php?rest_route=%2Fwp%2Fv2%2Ftags&post=581"}],"curies":[{"name":"wp","href":"https:\/\/api.w.org\/{rel}","templated":true}]}}