{"id":583,"date":"2016-04-29T16:01:09","date_gmt":"2016-04-29T16:01:09","guid":{"rendered":"http:\/\/teatrointimo.com\/?p=1065"},"modified":"2016-04-29T16:01:09","modified_gmt":"2016-04-29T16:01:09","slug":"la-taberna-de-las-palabras","status":"publish","type":"post","link":"https:\/\/miguelangelmontilla.es\/?p=583","title":{"rendered":"LA taberna de las palabras"},"content":{"rendered":"<p><a href=\"http:\/\/teatrointimo.com\/wp-content\/uploads\/2016\/04\/IMG_20160428_131407-1.jpg\" target=\"_blank\" rel=\"noopener\"><img fetchpriority=\"high\" decoding=\"async\" class=\"alignnone size-full wp-image-1067\" src=\"http:\/\/teatrointimo.com\/wp-content\/uploads\/2016\/04\/IMG_20160428_131407-1.jpg\" alt=\"IMG_20160428_131407 (1)\" width=\"675\" height=\"900\" title=\"\"><\/a><\/p>\n<p>&nbsp;<\/p>\n<p>Ando este mes entre bibliotecas. Contando cuentos, historias, cantando canciones, bailando silencios.<\/p>\n<p>Sesi\u00f3n tras sesi\u00f3n me doy \u00a0dando cuenta de la importancia del narrador oral en este mundo que agoniza.<\/p>\n<p>Cada vez que cuento me pregunto:<\/p>\n<p>\u00bfc\u00f3mo desaparecer f\u00edsicamente y que sea la historia la que se vea?.<\/p>\n<p>c\u00f3mo dejar al ego de un lado para que no sea el lucimiento del actor el que aflore sino dejarse poseer por la historia que sea esta la protagonista.<\/p>\n<p>Cuando esto \u00faltimo se produce, \u00a0un silencio sepulcral se instala en el auditorio y todos nos sentimos c\u00f3mplices de algo superior que trasciende nuestra propia existencia.<\/p>\n<p>Cuando nac\u00ed las televisiones \u00a0irrumpieron en este pa\u00eds.<\/p>\n<p>\u00a0Eso condiciono la infancia de mi generaci\u00f3n.<\/p>\n<p>\u00a0Ese electrodom\u00e9stico ocup\u00f3 el espacio que antes se reservaba a la conversaci\u00f3n, a la narraci\u00f3n, al encuentro entre palabras.<\/p>\n<p>En los hogares dejaron de hablar personas y comenzaron a hablar la m\u00e1quinas.<\/p>\n<p>Afortunadamente la parrilla de programaci\u00f3n de aquel tiempo contemplaba poca programaci\u00f3n y a\u00fan se encontraban \u00a0programas como barrio s\u00e9samo, la cometa blanca, planeta imaginario o la bola de cristal, donde se nos alentaba a crear mundos de fantas\u00eda.<\/p>\n<p>Ahora uno se asoma a la programaci\u00f3n infantil y descubre un ruido ensordecedor de \u201cefectos especiales carentes de contenido vital\u201d. Trivial, obsceno y macabro.<\/p>\n<p>En estas semanas que\u00a0 ando contando y cantando \u00a0despu\u00e9s de cada intervenci\u00f3n me pregunto porque nos hemos dejado de contar historias, porque ya no habitamos espacios para la tertulia, para la conversaci\u00f3n, para la narraci\u00f3n de lo que vivieron nuestros ancestros, para elucubrar lo que vivir\u00e1n nuestros biznietos.<\/p>\n<p>Por ello me gustar\u00eda abrir el primer B A R\u00a0\u00a0 DE\u00a0\u00a0\u00a0 PALABRAS.<\/p>\n<p>En la barra se sirve la consumici\u00f3n con una historia.<\/p>\n<p>El camarero-narrador se sienta contigo y te cuenta, te canta, te recita.<\/p>\n<p>En esta taberna se beber\u00e1n historias, nos emborracharemos con versos, y brindaremos con relatos que nos pondr\u00e1n la piel de gallino.<\/p>\n<p>Y la palabra nos har\u00e1 navegar a mundos que est\u00e1n en este mundo y que resucitar\u00e1n cada d\u00eda entre bellos silencios.<\/p>\n","protected":false},"excerpt":{"rendered":"<p>&nbsp; Ando este mes entre bibliotecas. Contando cuentos, historias, cantando canciones, bailando silencios. Sesi\u00f3n tras sesi\u00f3n me doy \u00a0dando cuenta de la importancia del narrador oral en este mundo que agoniza. Cada vez que cuento me pregunto: \u00bfc\u00f3mo desaparecer f\u00edsicamente y que sea la historia la que se vea?. c\u00f3mo dejar al ego de un &hellip;<\/p>\n<p class=\"read-more\"> <a class=\"\" href=\"https:\/\/miguelangelmontilla.es\/?p=583\"> <span class=\"screen-reader-text\">LA taberna de las palabras<\/span> Leer m\u00e1s &raquo;<\/a><\/p>\n","protected":false},"author":3,"featured_media":0,"comment_status":"open","ping_status":"open","sticky":false,"template":"","format":"standard","meta":{"site-sidebar-layout":"default","site-content-layout":"default","ast-global-header-display":"","ast-main-header-display":"","ast-hfb-above-header-display":"","ast-hfb-below-header-display":"","ast-hfb-mobile-header-display":"","site-post-title":"","ast-breadcrumbs-content":"","ast-featured-img":"","footer-sml-layout":"","theme-transparent-header-meta":"","adv-header-id-meta":"","stick-header-meta":"","header-above-stick-meta":"","header-main-stick-meta":"","header-below-stick-meta":"","footnotes":""},"categories":[13],"tags":[69,72,70,71,73],"class_list":["post-583","post","type-post","status-publish","format-standard","hentry","category-experiencias-narracion-oral","tag-camareronarrador","tag-cervantescuenta","tag-mamproducciones","tag-shakespearecuenta","tag-tabernadelaspalabras"],"_links":{"self":[{"href":"https:\/\/miguelangelmontilla.es\/index.php?rest_route=\/wp\/v2\/posts\/583","targetHints":{"allow":["GET"]}}],"collection":[{"href":"https:\/\/miguelangelmontilla.es\/index.php?rest_route=\/wp\/v2\/posts"}],"about":[{"href":"https:\/\/miguelangelmontilla.es\/index.php?rest_route=\/wp\/v2\/types\/post"}],"author":[{"embeddable":true,"href":"https:\/\/miguelangelmontilla.es\/index.php?rest_route=\/wp\/v2\/users\/3"}],"replies":[{"embeddable":true,"href":"https:\/\/miguelangelmontilla.es\/index.php?rest_route=%2Fwp%2Fv2%2Fcomments&post=583"}],"version-history":[{"count":0,"href":"https:\/\/miguelangelmontilla.es\/index.php?rest_route=\/wp\/v2\/posts\/583\/revisions"}],"wp:attachment":[{"href":"https:\/\/miguelangelmontilla.es\/index.php?rest_route=%2Fwp%2Fv2%2Fmedia&parent=583"}],"wp:term":[{"taxonomy":"category","embeddable":true,"href":"https:\/\/miguelangelmontilla.es\/index.php?rest_route=%2Fwp%2Fv2%2Fcategories&post=583"},{"taxonomy":"post_tag","embeddable":true,"href":"https:\/\/miguelangelmontilla.es\/index.php?rest_route=%2Fwp%2Fv2%2Ftags&post=583"}],"curies":[{"name":"wp","href":"https:\/\/api.w.org\/{rel}","templated":true}]}}