{"id":594,"date":"2016-03-21T21:56:28","date_gmt":"2016-03-21T21:56:28","guid":{"rendered":"http:\/\/teatrointimo.com\/?p=1030"},"modified":"2016-03-21T21:56:28","modified_gmt":"2016-03-21T21:56:28","slug":"policias-cuenta-cuentos","status":"publish","type":"post","link":"https:\/\/miguelangelmontilla.es\/?p=594","title":{"rendered":"policias cuenta cuentos"},"content":{"rendered":"<p>M\u00e9xico es un pa\u00eds m\u00e1gico.<\/p>\n<p>Durante los tres meses que habit\u00e9 en Monterrey, sent\u00ed en la piel la efervescencia de su ambiente. Un brillo particular en las miradas, un anhelo por apurar la vida con trago alegre. En sus cantinas, se baila, se canta y se bebe. No hay hora para irse, se produce una comuni\u00f3n m\u00e1gica entre la gente, una complicidad que no conoce la prisa y que aboga por el vivir el momento presente como el \u00faltimo de tu vida.<\/p>\n<p>No es de extra\u00f1ar pues que en M\u00e9xico a los polic\u00edas los est\u00e9n formando como narradores orales para habilitares de<a href=\"http:\/\/goo.gl\/Gso4sB\" target=\"_blank\" rel=\"noopener\"> t\u00e9cnicas de comunicaci\u00f3n<\/a> que les permitan empatizar mejor con los ciudadanos.<\/p>\n<p>Las veces que me han puesto una multa por aparcar indebidamente, la cosa se hubiera suavizado bastante si un polic\u00eda me contara la historia de como se hunde Venecia, o la conexi\u00f3n de los incas con el sol, o alg\u00fan gi\u00f1o de la divina comedia de Dante.\u00a0<\/p>\n<p>Tenemos la capacidad de convertir este mundo en un para\u00edso y no lo sabemos, vivimos anclados a la informaci\u00f3n que nos mandan los que quieren que esto siga siendo un infierno.\u00a0<\/p>\n<p>En esta noche de lunes laboral despu\u00e9s de haber trabajado en la escuela a la que acude mi padre y motivarles a que \u00abnos cuenten sus historias\u00bb, me doy cuenta de que la palabra puede \u00absalvarnos\u00bb del abandono, de la desidia, del olvido, del adoctrinamiento masivo.<\/p>\n<p>Brindo con un tequila por todos mis recuerdos mexicanos que me hacen ponerme la piel de gallina y que me empujan a seguir narrando, mientras aliento quede de mi calavera.<\/p>\n<p>!viva M\u00e9xico!<a href=\"http:\/\/teatrointimo.com\/wp-content\/uploads\/2016\/03\/IMG_20160321_183503-2.jpg\" target=\"_blank\" rel=\"noopener\"><img fetchpriority=\"high\" decoding=\"async\" class=\"alignnone size-full wp-image-1032\" src=\"http:\/\/teatrointimo.com\/wp-content\/uploads\/2016\/03\/IMG_20160321_183503-2.jpg\" alt=\"IMG_20160321_183503 (2)\" width=\"1200\" height=\"900\" title=\"\"><\/a><\/p>\n<p>&nbsp;<\/p>\n<p>&nbsp;<\/p>\n","protected":false},"excerpt":{"rendered":"<p>M\u00e9xico es un pa\u00eds m\u00e1gico. Durante los tres meses que habit\u00e9 en Monterrey, sent\u00ed en la piel la efervescencia de su ambiente. Un brillo particular en las miradas, un anhelo por apurar la vida con trago alegre. En sus cantinas, se baila, se canta y se bebe. No hay hora para irse, se produce una &hellip;<\/p>\n<p class=\"read-more\"> <a class=\"\" href=\"https:\/\/miguelangelmontilla.es\/?p=594\"> <span class=\"screen-reader-text\">policias cuenta cuentos<\/span> Leer m\u00e1s &raquo;<\/a><\/p>\n","protected":false},"author":3,"featured_media":0,"comment_status":"open","ping_status":"open","sticky":false,"template":"","format":"standard","meta":{"site-sidebar-layout":"default","site-content-layout":"default","ast-global-header-display":"","ast-main-header-display":"","ast-hfb-above-header-display":"","ast-hfb-below-header-display":"","ast-hfb-mobile-header-display":"","site-post-title":"","ast-breadcrumbs-content":"","ast-featured-img":"","footer-sml-layout":"","theme-transparent-header-meta":"","adv-header-id-meta":"","stick-header-meta":"","header-above-stick-meta":"","header-main-stick-meta":"","header-below-stick-meta":"","footnotes":""},"categories":[1,13],"tags":[91,90,92,94,93],"class_list":["post-594","post","type-post","status-publish","format-standard","hentry","category-experiencia","category-experiencias-narracion-oral","tag-adoctrinamientomasivo","tag-contarhistorias","tag-paraisodepalabras","tag-salvarnos","tag-tecnicasdecomunicacion"],"_links":{"self":[{"href":"https:\/\/miguelangelmontilla.es\/index.php?rest_route=\/wp\/v2\/posts\/594","targetHints":{"allow":["GET"]}}],"collection":[{"href":"https:\/\/miguelangelmontilla.es\/index.php?rest_route=\/wp\/v2\/posts"}],"about":[{"href":"https:\/\/miguelangelmontilla.es\/index.php?rest_route=\/wp\/v2\/types\/post"}],"author":[{"embeddable":true,"href":"https:\/\/miguelangelmontilla.es\/index.php?rest_route=\/wp\/v2\/users\/3"}],"replies":[{"embeddable":true,"href":"https:\/\/miguelangelmontilla.es\/index.php?rest_route=%2Fwp%2Fv2%2Fcomments&post=594"}],"version-history":[{"count":0,"href":"https:\/\/miguelangelmontilla.es\/index.php?rest_route=\/wp\/v2\/posts\/594\/revisions"}],"wp:attachment":[{"href":"https:\/\/miguelangelmontilla.es\/index.php?rest_route=%2Fwp%2Fv2%2Fmedia&parent=594"}],"wp:term":[{"taxonomy":"category","embeddable":true,"href":"https:\/\/miguelangelmontilla.es\/index.php?rest_route=%2Fwp%2Fv2%2Fcategories&post=594"},{"taxonomy":"post_tag","embeddable":true,"href":"https:\/\/miguelangelmontilla.es\/index.php?rest_route=%2Fwp%2Fv2%2Ftags&post=594"}],"curies":[{"name":"wp","href":"https:\/\/api.w.org\/{rel}","templated":true}]}}