{"id":598,"date":"2016-03-14T22:55:33","date_gmt":"2016-03-14T22:55:33","guid":{"rendered":"http:\/\/teatrointimo.com\/?p=1017"},"modified":"2016-03-14T22:55:33","modified_gmt":"2016-03-14T22:55:33","slug":"el-latido-de-las-emociones-el-cambio-es-posible","status":"publish","type":"post","link":"https:\/\/miguelangelmontilla.es\/?p=598","title":{"rendered":"El latido de las emociones. (el cambio es posible)"},"content":{"rendered":"<p>El despertar en la educaci\u00f3n\u2026 (III Jornadas de educaci\u00f3n en escuelas infantiles Almansa)<\/p>\n<p>&nbsp;<\/p>\n<p>El s\u00e1bado tuve la suerte y el privilegio de colaborar en las <a href=\"https:\/\/www.facebook.com\/escuelasinfantilesmunicipalesalmansa\" target=\"_blank\" rel=\"noopener\">III Jornadas de educaci\u00f3n<\/a> que celebraban \u00a0las escuelas infantiles de Almansa.<\/p>\n<p>Desde que acud\u00ed por la ma\u00f1ana a las conferencias que las propias profesoras se hab\u00edan preparado con todo su entusiasmo un escalofr\u00edo intenso me recorri\u00f3 el cuerpo, al comprobar c\u00f3mo un grupo humano desde la humildad, la sencillez y el buen hacer pod\u00edan transmitir tanto y conectar de coraz\u00f3n\u00a0 a coraz\u00f3n con los 120 profesores que acudieron a formarse en este evento.\u00a0<\/p>\n<p>Han pasado 48 horas del evento en el que me toc\u00f3 trabajar sobre las emociones y \u00a0sin duda el t\u00edtulo de las jornadas a calado en mi ser.<\/p>\n<p>El latido de las emociones era la frase que anunciaba lo que estaba por venir. El equipo docente transform\u00f3 la escuela en un aut\u00e9ntico laberinto de emociones, en la que los participantes iban viviendo sensaciones, emociones, vivencias que les iban abriendo el coraz\u00f3n en canal.\u00a0<\/p>\n<p>Si la ma\u00f1ana fue de charla y reflexi\u00f3n, la tarde fue de acci\u00f3n y experiencia.<\/p>\n<p>Al finalizar un elenco de hero\u00ednas que han conseguido dar un aire limpio, bello y alegre a su d\u00eda a d\u00eda en las aulas nos\u00a0invitaron a bailar y a cantar en una suerte de Katarsis coletiva que s\u00f3lo recuerdo haber vivido por igual cuando trabajaba con el antrop\u00f3logo colombiano (incitador del trance) Enrique Vargas de <a href=\"http:\/\/www.teatrodelossentidos.com\" target=\"_blank\" rel=\"noopener\">www.teatrodelossentidos.com<\/a> .<\/p>\n<p>La fuerza de este grupo nos contagi\u00f3 a todos, nos di\u00f3 alas, se\u00f1alo con su mirada la direcci\u00f3n de Itaca, el camino a la utop\u00eda, la danza de la realidad, el compromiso con la belleza, el aliento hac\u00eda un posible \u00abma\u00f1ana\u00bb, la esperanza de \u00abque es posible\u00bb, la certeza de su vocaci\u00f3n. El brillo en la mirada de los participantes inundo la escuela y sent\u00ed que se alzaba hac\u00eda a las nubes, majestuosamente sencilla y asombrosamente viva.<\/p>\n<p>Hay experiencias en la vida que marcan un antes y un despu\u00e9s en tu \u201cestar en el mundo\u201d, y ahora estoy tocado por este grupo pedag\u00f3gico que cree en lo que hace, que apuesta por el cambio, que escucha, que siente que vibra con lo que hace y que cree fervientemente que un cambio en la educaci\u00f3n es posible.<\/p>\n<p>S\u00f3lo puedo decir gracias por haber sido invitado y confi\u00f3 en \u00abrepetir curso\u00bb, las veces que haga falta.<\/p>\n<p>En abril volver\u00e9 a \u201ccontar\u201d a \u201ccantar\u201d a \u201cbailar \u201c en esta escuela que cree en los milagros que siente que los sue\u00f1os pueden materializarse gracias a la voluntad de personas que escuchan profundamente a su ser m\u00e1s espiritual.<\/p>\n<p>Eternamente agradecido.<\/p>\n<p>&nbsp;<\/p>\n<p>&nbsp;<\/p>\n<p><a href=\"http:\/\/teatrointimo.com\/wp-content\/uploads\/2016\/03\/IMG_20160312_200749-2.jpg\" target=\"_blank\" rel=\"noopener\"><img fetchpriority=\"high\" decoding=\"async\" class=\"alignnone size-full wp-image-1018\" src=\"http:\/\/teatrointimo.com\/wp-content\/uploads\/2016\/03\/IMG_20160312_200749-2.jpg\" alt=\"IMG_20160312_200749 (2)\" width=\"640\" height=\"480\" title=\"\"><\/a><\/p>\n<p>&nbsp;<\/p>\n<p>&nbsp;<\/p>\n","protected":false},"excerpt":{"rendered":"<p>El despertar en la educaci\u00f3n\u2026 (III Jornadas de educaci\u00f3n en escuelas infantiles Almansa) &nbsp; El s\u00e1bado tuve la suerte y el privilegio de colaborar en las III Jornadas de educaci\u00f3n que celebraban \u00a0las escuelas infantiles de Almansa. Desde que acud\u00ed por la ma\u00f1ana a las conferencias que las propias profesoras se hab\u00edan preparado con todo &hellip;<\/p>\n<p class=\"read-more\"> <a class=\"\" href=\"https:\/\/miguelangelmontilla.es\/?p=598\"> <span class=\"screen-reader-text\">El latido de las emociones. (el cambio es posible)<\/span> Leer m\u00e1s &raquo;<\/a><\/p>\n","protected":false},"author":3,"featured_media":0,"comment_status":"open","ping_status":"open","sticky":false,"template":"","format":"standard","meta":{"site-sidebar-layout":"default","site-content-layout":"default","ast-global-header-display":"","ast-main-header-display":"","ast-hfb-above-header-display":"","ast-hfb-below-header-display":"","ast-hfb-mobile-header-display":"","site-post-title":"","ast-breadcrumbs-content":"","ast-featured-img":"","footer-sml-layout":"","theme-transparent-header-meta":"","adv-header-id-meta":"","stick-header-meta":"","header-above-stick-meta":"","header-main-stick-meta":"","header-below-stick-meta":"","footnotes":""},"categories":[12],"tags":[96,95,97],"class_list":["post-598","post","type-post","status-publish","format-standard","hentry","category-experiencias-pedagogia-teatral","tag-jornadasescuelasinfantilesalmansa","tag-latidosdelaemocion","tag-teatroespiritual"],"_links":{"self":[{"href":"https:\/\/miguelangelmontilla.es\/index.php?rest_route=\/wp\/v2\/posts\/598","targetHints":{"allow":["GET"]}}],"collection":[{"href":"https:\/\/miguelangelmontilla.es\/index.php?rest_route=\/wp\/v2\/posts"}],"about":[{"href":"https:\/\/miguelangelmontilla.es\/index.php?rest_route=\/wp\/v2\/types\/post"}],"author":[{"embeddable":true,"href":"https:\/\/miguelangelmontilla.es\/index.php?rest_route=\/wp\/v2\/users\/3"}],"replies":[{"embeddable":true,"href":"https:\/\/miguelangelmontilla.es\/index.php?rest_route=%2Fwp%2Fv2%2Fcomments&post=598"}],"version-history":[{"count":0,"href":"https:\/\/miguelangelmontilla.es\/index.php?rest_route=\/wp\/v2\/posts\/598\/revisions"}],"wp:attachment":[{"href":"https:\/\/miguelangelmontilla.es\/index.php?rest_route=%2Fwp%2Fv2%2Fmedia&parent=598"}],"wp:term":[{"taxonomy":"category","embeddable":true,"href":"https:\/\/miguelangelmontilla.es\/index.php?rest_route=%2Fwp%2Fv2%2Fcategories&post=598"},{"taxonomy":"post_tag","embeddable":true,"href":"https:\/\/miguelangelmontilla.es\/index.php?rest_route=%2Fwp%2Fv2%2Ftags&post=598"}],"curies":[{"name":"wp","href":"https:\/\/api.w.org\/{rel}","templated":true}]}}