{"id":600,"date":"2016-03-09T10:11:13","date_gmt":"2016-03-09T10:11:13","guid":{"rendered":"http:\/\/teatrointimo.com\/?p=1011"},"modified":"2016-03-09T10:11:13","modified_gmt":"2016-03-09T10:11:13","slug":"pedagogia-teatral-en-institutos-de-secundaria","status":"publish","type":"post","link":"https:\/\/miguelangelmontilla.es\/?p=600","title":{"rendered":"Pedagog\u00eda teatral en institutos de secundaria"},"content":{"rendered":"<p>La adolescencia es un periodo de cambio trascendental. \u00a0Empiezas a crear tu mundo y a romper el cascar\u00f3n de lo que fue tu hogar para empezar a vivir por ti mismo.<\/p>\n<p>Trabajando con <a href=\"http:\/\/fabianvillena.com\/\" target=\"_blank\" rel=\"noopener\">Fab\u00edan Villena<\/a>\u00a0, \u00a0en los institutos descubro las enormes limitaciones expresivas que tienen los adolescentes, simple y sencillamente porque han entrenado habilidades para hacerlo.<\/p>\n<p>La escuela fundamenta su aprendizaje en el aprendizaje a trav\u00e9s del texto escrito y muy poco a trav\u00e9s de la exposici\u00f3n oral de lo aprendido. Esto hace que el pudor se extienda como la peste en los centros educativos y \u201chablar en p\u00fablico\u201d suponga para la mayor\u00eda de los alumnos un \u201cmiedo esc\u00e9nico\u201d que viene condicionado por la falta de pr\u00e1ctica.<\/p>\n<p>Como es posible que en la escuela no nos ense\u00f1en a expresarnos en p\u00fablico, como es posible que no practiquemos esta habilidad sabiendo que en la vida constantemente estamos expuestos a hablar ante los dem\u00e1s.<\/p>\n<p>Algo tan natural para los actores es un todo un mundo para el que nunca se expres\u00f3 en p\u00fablico y que cuando lo hizo al no tener las herramientas sufri\u00f3 tal impacto emocional que huye como gato de agua fr\u00eda.<\/p>\n<p>De que te sirve tener tanto conocimiento sino sabes expresarlo.<\/p>\n<p>La asignatura de teatro en los institutos no deber\u00eda limitarse a realizar una obra de teatro, tendr\u00eda que tener el fundamento de trabajar la:<\/p>\n<p>Oratoria<\/p>\n<p>La expresi\u00f3n Corporal<\/p>\n<p>LA dicci\u00f3n<\/p>\n<p>La orfon\u00eda<\/p>\n<p>Y l entonaci\u00f3n.<\/p>\n<p>Y ahora la pregunta del mill\u00f3n.<\/p>\n<p>\u00bfc\u00f3mo es posible que esa asignatura no la den expertos en pedagog\u00eda teatral, y corra a cargo de la \u201cbuena voluntad\u201d de profesores de literatura.<\/p>\n<p>Adolescentes, profesores, vengan a la @lacreativa para desarrollar su potencial expresivo.<\/p>\n<p><a href=\"http:\/\/teatrointimo.com\/wp-content\/uploads\/2016\/03\/IMG_20160304_134513-1.jpg\" target=\"_blank\" rel=\"noopener\"><img fetchpriority=\"high\" decoding=\"async\" class=\"alignnone size-full wp-image-1014\" src=\"http:\/\/teatrointimo.com\/wp-content\/uploads\/2016\/03\/IMG_20160304_134513-1.jpg\" alt=\"IMG_20160304_134513 (1)\" width=\"1200\" height=\"900\" title=\"\"><\/a><\/p>\n","protected":false},"excerpt":{"rendered":"<p>La adolescencia es un periodo de cambio trascendental. \u00a0Empiezas a crear tu mundo y a romper el cascar\u00f3n de lo que fue tu hogar para empezar a vivir por ti mismo. Trabajando con Fab\u00edan Villena\u00a0, \u00a0en los institutos descubro las enormes limitaciones expresivas que tienen los adolescentes, simple y sencillamente porque han entrenado habilidades para &hellip;<\/p>\n<p class=\"read-more\"> <a class=\"\" href=\"https:\/\/miguelangelmontilla.es\/?p=600\"> <span class=\"screen-reader-text\">Pedagog\u00eda teatral en institutos de secundaria<\/span> Leer m\u00e1s &raquo;<\/a><\/p>\n","protected":false},"author":3,"featured_media":0,"comment_status":"open","ping_status":"open","sticky":false,"template":"","format":"standard","meta":{"site-sidebar-layout":"default","site-content-layout":"default","ast-global-header-display":"","ast-main-header-display":"","ast-hfb-above-header-display":"","ast-hfb-below-header-display":"","ast-hfb-mobile-header-display":"","site-post-title":"","ast-breadcrumbs-content":"","ast-featured-img":"","footer-sml-layout":"","theme-transparent-header-meta":"","adv-header-id-meta":"","stick-header-meta":"","header-above-stick-meta":"","header-main-stick-meta":"","header-below-stick-meta":"","footnotes":""},"categories":[12],"tags":[],"class_list":["post-600","post","type-post","status-publish","format-standard","hentry","category-experiencias-pedagogia-teatral"],"_links":{"self":[{"href":"https:\/\/miguelangelmontilla.es\/index.php?rest_route=\/wp\/v2\/posts\/600","targetHints":{"allow":["GET"]}}],"collection":[{"href":"https:\/\/miguelangelmontilla.es\/index.php?rest_route=\/wp\/v2\/posts"}],"about":[{"href":"https:\/\/miguelangelmontilla.es\/index.php?rest_route=\/wp\/v2\/types\/post"}],"author":[{"embeddable":true,"href":"https:\/\/miguelangelmontilla.es\/index.php?rest_route=\/wp\/v2\/users\/3"}],"replies":[{"embeddable":true,"href":"https:\/\/miguelangelmontilla.es\/index.php?rest_route=%2Fwp%2Fv2%2Fcomments&post=600"}],"version-history":[{"count":0,"href":"https:\/\/miguelangelmontilla.es\/index.php?rest_route=\/wp\/v2\/posts\/600\/revisions"}],"wp:attachment":[{"href":"https:\/\/miguelangelmontilla.es\/index.php?rest_route=%2Fwp%2Fv2%2Fmedia&parent=600"}],"wp:term":[{"taxonomy":"category","embeddable":true,"href":"https:\/\/miguelangelmontilla.es\/index.php?rest_route=%2Fwp%2Fv2%2Fcategories&post=600"},{"taxonomy":"post_tag","embeddable":true,"href":"https:\/\/miguelangelmontilla.es\/index.php?rest_route=%2Fwp%2Fv2%2Ftags&post=600"}],"curies":[{"name":"wp","href":"https:\/\/api.w.org\/{rel}","templated":true}]}}