{"id":602,"date":"2016-03-07T08:55:28","date_gmt":"2016-03-07T08:55:28","guid":{"rendered":"http:\/\/teatrointimo.com\/?p=1007"},"modified":"2016-03-07T08:55:28","modified_gmt":"2016-03-07T08:55:28","slug":"gerardo-esteve-un-narrador-estrafalariamente-insolito","status":"publish","type":"post","link":"https:\/\/miguelangelmontilla.es\/?p=602","title":{"rendered":"Gerardo Esteve un narrador estrafalariamente ins\u00f3lito."},"content":{"rendered":"<p>&nbsp;<\/p>\n<p>En el mundo de la narraci\u00f3n oral y creo que debido a la tendencia que marc\u00f3 Francisco Garz\u00f3n Cespedes (fundador de movimiento de narraci\u00f3n oral esc\u00e9nica)\u00a0 se ha impuesto como c\u00f3digo esc\u00e9nico a seguir una forma de narrar que basa todo su protagonismo en la palabra. Hay una espada de Damocles sobre los narradores que contamos con objetos o con elementos escenogr\u00e1ficos .<\/p>\n<p>M\u00e1s all\u00e1 de reiterar la historia el utilizar un objeto contando crea un foco de atenci\u00f3n concreto sobre todo para cuando se cuenta a ni\u00f1os de 1 o 2 a\u00f1os.<\/p>\n<p>El viernes tuve la oportunidad de asistir al espect\u00e1culo<a href=\"https:\/\/www.youtube.com\/watch?v=eiG6WvjmIgE\" target=\"_blank\" rel=\"noopener\"> \u201cCon lo puesto y un botijo\u201d <\/a>, Gerardo nos narraba historias de sus recuerdos que ten\u00eda guardados \u00a0como tesoro dentro de una fiambrera, los objetos que sacaba estaban cargados de su memoria po\u00e9tica y nos llevaba a \u00a0otro tiempo donde parece ser que si que hab\u00eda tiempo.<\/p>\n<p>Las historias de Gerardo te envuelven con un halo de excentricismo y misterio, aut\u00e9ntico, de autor, ajeno a modas o tendencias, \u00e9l vive su creaci\u00f3n con la honestidad del que se arriesga a coincidir o no \u00a0con el gusto del p\u00fablico.<\/p>\n<p>Fue un aire fresco el que me aport\u00f3 en la noche del viernes en el teatro Castelar de Elda, pues ver como otros se atreven a contar historias sin dogmas, sin camisas de fuerza, sin manual de instrucciones es liberador y parece que te permite a ti tambi\u00e9n arriesgarte a probar otras formas de contar que la que marcan los c\u00e1nones establecidos por los \u201cnarradores orales ortodoxos\u201d.<\/p>\n<p>En cualquier caso los chamanes utilizaban para sus cuentos, frutos con semillas, ramas de \u00e1rbol, piedras, tierra y todos estos elementos hac\u00edan conectar con algo m\u00e1s reconocible que anclara las historias al mundo real.<\/p>\n<p>Seguiremos investigando para no dar por sentado que hay que \u201ccontar\u201d de una determinada manera.<\/p>\n<p><a href=\"http:\/\/teatrointimo.com\/wp-content\/uploads\/2016\/03\/maxresdefault.jpg\" target=\"_blank\" rel=\"noopener\"><img fetchpriority=\"high\" decoding=\"async\" class=\"alignnone size-full wp-image-1009\" src=\"http:\/\/teatrointimo.com\/wp-content\/uploads\/2016\/03\/maxresdefault.jpg\" alt=\"maxresdefault\" width=\"1280\" height=\"720\" title=\"\"><\/a><\/p>\n","protected":false},"excerpt":{"rendered":"<p>&nbsp; En el mundo de la narraci\u00f3n oral y creo que debido a la tendencia que marc\u00f3 Francisco Garz\u00f3n Cespedes (fundador de movimiento de narraci\u00f3n oral esc\u00e9nica)\u00a0 se ha impuesto como c\u00f3digo esc\u00e9nico a seguir una forma de narrar que basa todo su protagonismo en la palabra. Hay una espada de Damocles sobre los narradores &hellip;<\/p>\n<p class=\"read-more\"> <a class=\"\" href=\"https:\/\/miguelangelmontilla.es\/?p=602\"> <span class=\"screen-reader-text\">Gerardo Esteve un narrador estrafalariamente ins\u00f3lito.<\/span> Leer m\u00e1s &raquo;<\/a><\/p>\n","protected":false},"author":3,"featured_media":0,"comment_status":"open","ping_status":"open","sticky":false,"template":"","format":"standard","meta":{"site-sidebar-layout":"default","site-content-layout":"default","ast-global-header-display":"","ast-main-header-display":"","ast-hfb-above-header-display":"","ast-hfb-below-header-display":"","ast-hfb-mobile-header-display":"","site-post-title":"","ast-breadcrumbs-content":"","ast-featured-img":"","footer-sml-layout":"","theme-transparent-header-meta":"","adv-header-id-meta":"","stick-header-meta":"","header-above-stick-meta":"","header-main-stick-meta":"","header-below-stick-meta":"","footnotes":""},"categories":[13],"tags":[99,40,98,100,101],"class_list":["post-602","post","type-post","status-publish","format-standard","hentry","category-experiencias-narracion-oral","tag-contar","tag-gerardoesteve","tag-narradororalortodoxo","tag-objetosteatrales","tag-teatrocastelar"],"_links":{"self":[{"href":"https:\/\/miguelangelmontilla.es\/index.php?rest_route=\/wp\/v2\/posts\/602","targetHints":{"allow":["GET"]}}],"collection":[{"href":"https:\/\/miguelangelmontilla.es\/index.php?rest_route=\/wp\/v2\/posts"}],"about":[{"href":"https:\/\/miguelangelmontilla.es\/index.php?rest_route=\/wp\/v2\/types\/post"}],"author":[{"embeddable":true,"href":"https:\/\/miguelangelmontilla.es\/index.php?rest_route=\/wp\/v2\/users\/3"}],"replies":[{"embeddable":true,"href":"https:\/\/miguelangelmontilla.es\/index.php?rest_route=%2Fwp%2Fv2%2Fcomments&post=602"}],"version-history":[{"count":0,"href":"https:\/\/miguelangelmontilla.es\/index.php?rest_route=\/wp\/v2\/posts\/602\/revisions"}],"wp:attachment":[{"href":"https:\/\/miguelangelmontilla.es\/index.php?rest_route=%2Fwp%2Fv2%2Fmedia&parent=602"}],"wp:term":[{"taxonomy":"category","embeddable":true,"href":"https:\/\/miguelangelmontilla.es\/index.php?rest_route=%2Fwp%2Fv2%2Fcategories&post=602"},{"taxonomy":"post_tag","embeddable":true,"href":"https:\/\/miguelangelmontilla.es\/index.php?rest_route=%2Fwp%2Fv2%2Ftags&post=602"}],"curies":[{"name":"wp","href":"https:\/\/api.w.org\/{rel}","templated":true}]}}