{"id":608,"date":"2016-02-27T12:24:37","date_gmt":"2016-02-27T12:24:37","guid":{"rendered":"http:\/\/teatrointimo.com\/?p=993"},"modified":"2016-02-27T12:24:37","modified_gmt":"2016-02-27T12:24:37","slug":"habitar-monumentos","status":"publish","type":"post","link":"https:\/\/miguelangelmontilla.es\/?p=608","title":{"rendered":"Habitar monumentos."},"content":{"rendered":"<p>Crec\u00ed en la calle Beatas Medina, cerca del Castillo.<\/p>\n<p>En nuestro barrio hab\u00eda fronteras invisibles. Una la marcaban \u201clos gitanos\u201d, otra \u201clos de la puerta Almansa\u201d.<\/p>\n<p>En el barrio hab\u00eda una hermandad consensuada. Los mayores eran idealizados por la bola que ten\u00edan en su antebrazo. Nos defend\u00edan de posibles invasores.<\/p>\n<p>Todos jugamos juntos.<\/p>\n<p>Los peque\u00f1os eran de az\u00facar, pod\u00edan jugar salt\u00e1ndose algunas reglas.<\/p>\n<p>Uno pertenec\u00eda a un clan que te arropaba, te quer\u00eda y te respetaba.<\/p>\n<p>Una tarde de verano en expedici\u00f3n temeraria franqueamos las almenas del castillo por una de esas grietas que el tiempo concede a los monumentos antes de que los restauradores tapen la huella de lo inevitable.<\/p>\n<p>Cuando entr\u00e9 en las habitaciones sent\u00ed escalofr\u00edos por todo el cuerpo y aquella noche so\u00f1\u00e9 con guerras sanguinarias cuya \u00fanica intenci\u00f3n era la conquista, el poder, la victoria.<\/p>\n<p>Tard\u00e9 a\u00f1os a volver a visitarlo porque en mi memoria se asociaba la oscuridad de un fort\u00edn asediado por el ego que capitaneaba una orda de mercenarios.<\/p>\n<p>Muchos a\u00f1os m\u00e1s tarde, pude trabajar art\u00edsticamente entre sus muros y sent\u00ed que sanaba mi relaci\u00f3n con el lugar aportando la luz de la poes\u00eda que sali\u00f3 en la creaci\u00f3n del evento.<\/p>\n<p>El c\u00edrculo del miedo se cerr\u00f3 dentro de mi ser<\/p>\n<p>Habitar un monumento art\u00edsticamente es una terapia para la memoria del mismo.<\/p>\n<p>Limpia las energ\u00edas del lugar, da sentido a su existencia actual y alienta a las generaciones futuras a comprender y no repetir nuestro pasado sanguinario.<\/p>\n<p>La experiencia me hizo despertar en realidades que no conoc\u00eda.<\/p>\n<p>Poner arte a \u00a0un monumento tan cargado de dolor, de muerte, de asalto, de mot\u00edn , de revoluci\u00f3n, es un gran reto en el que tienes que protegerte en todos los sentidos para que no termines sufriendo en tus carnes lo que vivieron los esp\u00edritus que all\u00ed siguen anidando, como almas en pena que no han alcanzado la luz.<\/p>\n<p>Estoy profundamente agradecido a\u00a0 la vida por ponerme experiencia dif\u00edciles, porque entiendo que son pruebas necesarias de conocimiento y aprendizaje<\/p>\n<p>Me voy a una reuni\u00f3n para seguir \u201cllevando arte al patrimonio monumental\u201d.<\/p>\n<p>Eso si protegido contra los malos esp\u00edritus.<\/p>\n<p>&nbsp;<\/p>\n<p><a href=\"http:\/\/teatrointimo.com\/wp-content\/uploads\/2016\/02\/batalla-almansa3.jpg\" target=\"_blank\" rel=\"noopener\"><img fetchpriority=\"high\" decoding=\"async\" class=\"alignnone size-full wp-image-994\" src=\"http:\/\/teatrointimo.com\/wp-content\/uploads\/2016\/02\/batalla-almansa3.jpg\" alt=\"batalla-almansa3\" width=\"331\" height=\"249\" title=\"\"><\/a><\/p>\n","protected":false},"excerpt":{"rendered":"<p>Crec\u00ed en la calle Beatas Medina, cerca del Castillo. En nuestro barrio hab\u00eda fronteras invisibles. Una la marcaban \u201clos gitanos\u201d, otra \u201clos de la puerta Almansa\u201d. En el barrio hab\u00eda una hermandad consensuada. Los mayores eran idealizados por la bola que ten\u00edan en su antebrazo. Nos defend\u00edan de posibles invasores. Todos jugamos juntos. Los peque\u00f1os &hellip;<\/p>\n<p class=\"read-more\"> <a class=\"\" href=\"https:\/\/miguelangelmontilla.es\/?p=608\"> <span class=\"screen-reader-text\">Habitar monumentos.<\/span> Leer m\u00e1s &raquo;<\/a><\/p>\n","protected":false},"author":3,"featured_media":0,"comment_status":"open","ping_status":"open","sticky":false,"template":"","format":"standard","meta":{"site-sidebar-layout":"default","site-content-layout":"default","ast-global-header-display":"","ast-main-header-display":"","ast-hfb-above-header-display":"","ast-hfb-below-header-display":"","ast-hfb-mobile-header-display":"","site-post-title":"","ast-breadcrumbs-content":"","ast-featured-img":"","footer-sml-layout":"","theme-transparent-header-meta":"","adv-header-id-meta":"","stick-header-meta":"","header-above-stick-meta":"","header-main-stick-meta":"","header-below-stick-meta":"","footnotes":""},"categories":[13],"tags":[110,111,112,113],"class_list":["post-608","post","type-post","status-publish","format-standard","hentry","category-experiencias-narracion-oral","tag-habitarmonumentos","tag-patrimoniomonumental","tag-rutateatralizada","tag-teatroenmonumentos"],"_links":{"self":[{"href":"https:\/\/miguelangelmontilla.es\/index.php?rest_route=\/wp\/v2\/posts\/608","targetHints":{"allow":["GET"]}}],"collection":[{"href":"https:\/\/miguelangelmontilla.es\/index.php?rest_route=\/wp\/v2\/posts"}],"about":[{"href":"https:\/\/miguelangelmontilla.es\/index.php?rest_route=\/wp\/v2\/types\/post"}],"author":[{"embeddable":true,"href":"https:\/\/miguelangelmontilla.es\/index.php?rest_route=\/wp\/v2\/users\/3"}],"replies":[{"embeddable":true,"href":"https:\/\/miguelangelmontilla.es\/index.php?rest_route=%2Fwp%2Fv2%2Fcomments&post=608"}],"version-history":[{"count":0,"href":"https:\/\/miguelangelmontilla.es\/index.php?rest_route=\/wp\/v2\/posts\/608\/revisions"}],"wp:attachment":[{"href":"https:\/\/miguelangelmontilla.es\/index.php?rest_route=%2Fwp%2Fv2%2Fmedia&parent=608"}],"wp:term":[{"taxonomy":"category","embeddable":true,"href":"https:\/\/miguelangelmontilla.es\/index.php?rest_route=%2Fwp%2Fv2%2Fcategories&post=608"},{"taxonomy":"post_tag","embeddable":true,"href":"https:\/\/miguelangelmontilla.es\/index.php?rest_route=%2Fwp%2Fv2%2Ftags&post=608"}],"curies":[{"name":"wp","href":"https:\/\/api.w.org\/{rel}","templated":true}]}}