{"id":612,"date":"2016-02-22T16:00:14","date_gmt":"2016-02-22T16:00:14","guid":{"rendered":"http:\/\/teatrointimo.com\/?p=983"},"modified":"2016-02-22T16:00:14","modified_gmt":"2016-02-22T16:00:14","slug":"museo-de-la-tradicion-oral","status":"publish","type":"post","link":"https:\/\/miguelangelmontilla.es\/?p=612","title":{"rendered":"Museo de la tradici\u00f3n Oral."},"content":{"rendered":"<p>Ando finalizando la segunda campa\u00f1a de animaci\u00f3n lectora de las bibliotecas p\u00fablicas municipales de Villena.<\/p>\n<p>Una cosa estoy aprendiendo, escuchar historias es vital para el ser humano.<\/p>\n<p>Necesitamos que nos cuenten historias para crear una imagen de nuestro mundo.<\/p>\n<p>La palabra crea un universo necesario para que los m\u00e1s peque\u00f1os sientan donde viven y les de sensaci\u00f3n de pertenencia a la comunidad, al entorno, al acervo cultural de su pasado relatado en cuentos, leyendas, mitos y toda una tradici\u00f3n oral que se pierde si los narradores orales no seguimos d\u00eda a d\u00eda rescat\u00e1ndola de la memoria del olvido.<\/p>\n<p>Mi vecino Jes\u00fas fallecido hace unos meses, oriundo de\u00a0 un pueblo llamado Tablas de Daimiel, era analfabeto pero eso no era \u00f3bice para que en la noches de verano que me sentaba a su lado me narrara historias de su tierra que su abuelo le cont\u00f3 y que tal vez el abuelo de su abuelo escuch\u00f3 a su abuelo.<\/p>\n<p>Esa rica tradici\u00f3n oral que da sentido a la identidad de un pueblo se esfuma en un mundo demasiado ocupado en los placeres inmediatos, demasiado pendiente de las im\u00e1genes de las pantallas, demasiado pendiente en lo que pasa fuera de uno mismo.<\/p>\n<p>As\u00ed como hay museos arqueol\u00f3gicos que nos recuerdan que vivieron los etruscos, los suf\u00eds, o los n\u00f3madas musterienses, deber\u00eda existir una apartado en estos museos llamado el de la \u201cmemoria de las palabras\u201d, para que no se olviden los romances, los chascarillos, la adivinanza, el verso, el pal\u00edndromo, ect.<\/p>\n<p>Es urgente grabar en video toda la tradici\u00f3n oral que albergan las personas de m\u00e1s de 60 a\u00f1os.<\/p>\n<p>Perderla significa ir desmemoriados por la vida, borrar de un plumazo de donde venimos, olvidar quien somos, denostar nuestro pasado literario popular es crear una sociedad de sumisos que carentes de historia viven de la historia de una marca comercial, de un slogan pol\u00edtico o de una tendencia que marca una multinacional.<\/p>\n<p>Me d\u00e1 escalofr\u00edos pensar que mis nietos utilicen el lenguaje solamente para describir datos t\u00e9cnicos y necesarios en una vida en la que la vida de las palabras quede encerrada en museos de arqueolog\u00eda antropoling\u00fcistica.<\/p>\n<p>Nota: vuelvo a reivindicar desde aqu\u00ed espacios para la narraci\u00f3n oral en la calle. Narradores orales que circulen por parques, azoteas, escalinatas y que pueblen de historias los espacios de \u201cSILLA AL FRESCO\u201d, esta primavera sal de tu casa. Narra y escucha.<\/p>\n<p>&nbsp;<\/p>\n<p><a href=\"http:\/\/teatrointimo.com\/wp-content\/uploads\/2016\/02\/mamproducciones1612.jpg\" target=\"_blank\" rel=\"noopener\"><img fetchpriority=\"high\" decoding=\"async\" class=\"alignnone size-full wp-image-984\" src=\"http:\/\/teatrointimo.com\/wp-content\/uploads\/2016\/02\/mamproducciones1612.jpg\" alt=\"mamproducciones1612\" width=\"1200\" height=\"900\" title=\"\"><\/a><\/p>\n<p>&nbsp;<\/p>\n","protected":false},"excerpt":{"rendered":"<p>Ando finalizando la segunda campa\u00f1a de animaci\u00f3n lectora de las bibliotecas p\u00fablicas municipales de Villena. Una cosa estoy aprendiendo, escuchar historias es vital para el ser humano. Necesitamos que nos cuenten historias para crear una imagen de nuestro mundo. La palabra crea un universo necesario para que los m\u00e1s peque\u00f1os sientan donde viven y les &hellip;<\/p>\n<p class=\"read-more\"> <a class=\"\" href=\"https:\/\/miguelangelmontilla.es\/?p=612\"> <span class=\"screen-reader-text\">Museo de la tradici\u00f3n Oral.<\/span> Leer m\u00e1s &raquo;<\/a><\/p>\n","protected":false},"author":3,"featured_media":0,"comment_status":"open","ping_status":"open","sticky":false,"template":"","format":"standard","meta":{"site-sidebar-layout":"default","site-content-layout":"default","ast-global-header-display":"","ast-main-header-display":"","ast-hfb-above-header-display":"","ast-hfb-below-header-display":"","ast-hfb-mobile-header-display":"","site-post-title":"","ast-breadcrumbs-content":"","ast-featured-img":"","footer-sml-layout":"","theme-transparent-header-meta":"","adv-header-id-meta":"","stick-header-meta":"","header-above-stick-meta":"","header-main-stick-meta":"","header-below-stick-meta":"","footnotes":""},"categories":[13],"tags":[118,116,117,115,120,114,119],"class_list":["post-612","post","type-post","status-publish","format-standard","hentry","category-experiencias-narracion-oral","tag-advinizancas","tag-alfresco","tag-chascarrillos","tag-narra","tag-romance","tag-tradicionoral","tag-verso"],"_links":{"self":[{"href":"https:\/\/miguelangelmontilla.es\/index.php?rest_route=\/wp\/v2\/posts\/612","targetHints":{"allow":["GET"]}}],"collection":[{"href":"https:\/\/miguelangelmontilla.es\/index.php?rest_route=\/wp\/v2\/posts"}],"about":[{"href":"https:\/\/miguelangelmontilla.es\/index.php?rest_route=\/wp\/v2\/types\/post"}],"author":[{"embeddable":true,"href":"https:\/\/miguelangelmontilla.es\/index.php?rest_route=\/wp\/v2\/users\/3"}],"replies":[{"embeddable":true,"href":"https:\/\/miguelangelmontilla.es\/index.php?rest_route=%2Fwp%2Fv2%2Fcomments&post=612"}],"version-history":[{"count":0,"href":"https:\/\/miguelangelmontilla.es\/index.php?rest_route=\/wp\/v2\/posts\/612\/revisions"}],"wp:attachment":[{"href":"https:\/\/miguelangelmontilla.es\/index.php?rest_route=%2Fwp%2Fv2%2Fmedia&parent=612"}],"wp:term":[{"taxonomy":"category","embeddable":true,"href":"https:\/\/miguelangelmontilla.es\/index.php?rest_route=%2Fwp%2Fv2%2Fcategories&post=612"},{"taxonomy":"post_tag","embeddable":true,"href":"https:\/\/miguelangelmontilla.es\/index.php?rest_route=%2Fwp%2Fv2%2Ftags&post=612"}],"curies":[{"name":"wp","href":"https:\/\/api.w.org\/{rel}","templated":true}]}}