{"id":626,"date":"2016-02-08T18:09:33","date_gmt":"2016-02-08T18:09:33","guid":{"rendered":"http:\/\/teatrointimo.com\/?p=949"},"modified":"2016-02-08T18:09:33","modified_gmt":"2016-02-08T18:09:33","slug":"autobuses-con-relato","status":"publish","type":"post","link":"https:\/\/miguelangelmontilla.es\/?p=626","title":{"rendered":"autobuses con relato"},"content":{"rendered":"<p>&nbsp;<\/p>\n<p>El autob\u00fas se ha convertido en un medio de transporte de 3 clase.<\/p>\n<p>Suben a \u00e9l personas que no tienen la posibilidad de ir en coche: emigrantes, jubilados, estudiantes, ect.<\/p>\n<p>Algunos autobuses emprenden viajes de muchas horas de duraci\u00f3n, con infinidad de paradas.<\/p>\n<p>El viaje es tediosamente largo.<\/p>\n<p>Llam\u00e9 hace unos d\u00edas a la compa\u00f1\u00eda Alsa para ofrecer mis servicios de \u201cnarrador de historias\u201d en los viajes que exceden las tres horas.<\/p>\n<p>Contar\u00eda leyendas e historiograf\u00eda de los paisajes que vamos dejando atr\u00e1s.<\/p>\n<p>A raz\u00f3n de 15 minutos cada hora.<\/p>\n<p>De esta forma el viaje estar\u00eda ba\u00f1ado de memorias del pasado, de an\u00e9cdotas de otra \u00e9poca, de vidas pasadas que transcurrieron por los parajes que la ventanilla del autob\u00fas va dejando atr\u00e1s.<\/p>\n<p>Le ofrec\u00ed la posibilidad de hacerlo en varias lenguas: valenciano, ingl\u00e9s, franc\u00e9s,portugu\u00e9s y japon\u00e9s.<\/p>\n<p>El que me atend\u00eda al otro lado del hilo tel\u00e9fonico me dijo que si estaba de broma.<\/p>\n<p>\u00a0Le dije que hablaba totalmente en serio, que cre\u00eda fervientemente que los viajes en autob\u00fas cobrar\u00edan una dimensi\u00f3n nueva, cargada de met\u00e1foras, viajes que ser\u00edan recordados por las historias, que los viajeros subir\u00edan al autob\u00fas con el deseo de escuchar de sentir el pasado hist\u00f3rico-ancestral en su piel.<\/p>\n<p>A trav\u00e9s de la <strong>narraci\u00f3n oral <\/strong>la compa\u00f1\u00eda Alsa comenzar\u00eda aumentar su cupo de viajeros, y entrar\u00edan a sus asientos amantes de la palabra, amantes de la tradici\u00f3n oral, del folklore, del\u00a0 paisaje vivo novelado, de los cuentos, de las poes\u00edas, de las canciones de nuestros abuelos.<\/p>\n<p>-mira- me dijo<\/p>\n<p>Yo ya no tengo edad para escuchar cuentos.<\/p>\n<p>Cu\u00e9ntale el cuento a otra oreja.<\/p>\n<p>Afortunadamente hay m\u00e1s compa\u00f1\u00edas de autobuses o qu\u00e9 diablos porque no abrir yo la primera compa\u00f1\u00eda de autobuses con relato.<\/p>\n<p>&nbsp;<\/p>\n<p><img fetchpriority=\"high\" decoding=\"async\" class=\"alignnone size-full wp-image-950\" src=\"http:\/\/teatrointimo.com\/wp-content\/uploads\/2016\/02\/Autob\u00fas-citro\u00ebn-e1375267827489-660x330.jpg\" alt=\"Autob\u00fas-citro\u00ebn-e1375267827489-660x330\" width=\"660\" height=\"330\" title=\"\"><\/p>\n","protected":false},"excerpt":{"rendered":"<p>&nbsp; El autob\u00fas se ha convertido en un medio de transporte de 3 clase. Suben a \u00e9l personas que no tienen la posibilidad de ir en coche: emigrantes, jubilados, estudiantes, ect. Algunos autobuses emprenden viajes de muchas horas de duraci\u00f3n, con infinidad de paradas. El viaje es tediosamente largo. Llam\u00e9 hace unos d\u00edas a la &hellip;<\/p>\n<p class=\"read-more\"> <a class=\"\" href=\"https:\/\/miguelangelmontilla.es\/?p=626\"> <span class=\"screen-reader-text\">autobuses con relato<\/span> Leer m\u00e1s &raquo;<\/a><\/p>\n","protected":false},"author":3,"featured_media":0,"comment_status":"open","ping_status":"open","sticky":false,"template":"","format":"standard","meta":{"site-sidebar-layout":"default","site-content-layout":"default","ast-global-header-display":"","ast-main-header-display":"","ast-hfb-above-header-display":"","ast-hfb-below-header-display":"","ast-hfb-mobile-header-display":"","site-post-title":"","ast-breadcrumbs-content":"","ast-featured-img":"","footer-sml-layout":"","theme-transparent-header-meta":"","adv-header-id-meta":"","stick-header-meta":"","header-above-stick-meta":"","header-main-stick-meta":"","header-below-stick-meta":"","footnotes":""},"categories":[13],"tags":[64,137,136,114],"class_list":["post-626","post","type-post","status-publish","format-standard","hentry","category-experiencias-narracion-oral","tag-narracionoral","tag-folklore","tag-narradorhistorias","tag-tradicionoral"],"_links":{"self":[{"href":"https:\/\/miguelangelmontilla.es\/index.php?rest_route=\/wp\/v2\/posts\/626","targetHints":{"allow":["GET"]}}],"collection":[{"href":"https:\/\/miguelangelmontilla.es\/index.php?rest_route=\/wp\/v2\/posts"}],"about":[{"href":"https:\/\/miguelangelmontilla.es\/index.php?rest_route=\/wp\/v2\/types\/post"}],"author":[{"embeddable":true,"href":"https:\/\/miguelangelmontilla.es\/index.php?rest_route=\/wp\/v2\/users\/3"}],"replies":[{"embeddable":true,"href":"https:\/\/miguelangelmontilla.es\/index.php?rest_route=%2Fwp%2Fv2%2Fcomments&post=626"}],"version-history":[{"count":0,"href":"https:\/\/miguelangelmontilla.es\/index.php?rest_route=\/wp\/v2\/posts\/626\/revisions"}],"wp:attachment":[{"href":"https:\/\/miguelangelmontilla.es\/index.php?rest_route=%2Fwp%2Fv2%2Fmedia&parent=626"}],"wp:term":[{"taxonomy":"category","embeddable":true,"href":"https:\/\/miguelangelmontilla.es\/index.php?rest_route=%2Fwp%2Fv2%2Fcategories&post=626"},{"taxonomy":"post_tag","embeddable":true,"href":"https:\/\/miguelangelmontilla.es\/index.php?rest_route=%2Fwp%2Fv2%2Ftags&post=626"}],"curies":[{"name":"wp","href":"https:\/\/api.w.org\/{rel}","templated":true}]}}