{"id":632,"date":"2016-02-01T18:12:26","date_gmt":"2016-02-01T18:12:26","guid":{"rendered":"http:\/\/teatrointimo.com\/?p=940"},"modified":"2016-02-01T18:12:26","modified_gmt":"2016-02-01T18:12:26","slug":"cuento-terapia-o-sanar-a-traves-de-los-cuentos","status":"publish","type":"post","link":"https:\/\/miguelangelmontilla.es\/?p=632","title":{"rendered":"Cuento-terapia o sanar a trav\u00e9s de los cuentos."},"content":{"rendered":"<p>Tengo 2 hijos grandes y 1 hijo peque\u00f1o.<\/p>\n<p>Los grandes pasaron su infancia en Barcelona, est\u00e1bamos s\u00f3los, la familia lejos, ten\u00eda que inventar memorias bellas para mitigar la soledad, por las noches entraba en su habitaci\u00f3n y me inventaba un <strong>cuento.<\/strong>\u00a0Imaginaba un lugar, por ejemplo la playa, o una cueva inmensa o la luna, acto seguido instalaba en ese lugar unos personajes y despu\u00e9s se me ocurr\u00eda algo que les hab\u00eda sucedido a esos personajes. Por \u00faltimo el conflicto se solucionaba de alguna manera cuanto m\u00e1s absurdo era ese final m\u00e1s estallaba la risa.<\/p>\n<p>Entend\u00ed durante este master-intimo de cuentero en la camita de mis hijos que contar un cuento es conseguir alargar lo m\u00e1ximo la resoluci\u00f3n del conflicto. (1 regla del buen narrador)<\/p>\n<p>Cuando hago un \u00ab<a href=\"https:\/\/www.youtube.com\/watch?v=fzxjVBFDJxI\" target=\"_blank\" rel=\"noopener\">mimodrama\u00bb<\/a> con una maleta, toda la historia la centro en la intriga de saber que hay en esa maleta el cuento es silencioso pero se lee entre gestos.<\/p>\n<p>Cargar la curiosidad es la propuesta.<\/p>\n<p>Pero sin desviarme, cuando terminaba el cuento, mis hijos ten\u00edan brillo en los ojos, en su imaginario hab\u00eda creado mundos nuevos, hab\u00edan vivido una historia , hab\u00edan sentido la emoci\u00f3n de los personajes, hab\u00edan sentido la brisa, el sol, el olor a la tierra seg\u00fan lugar donde cada noche instalaba la escenograf\u00eda del cuento.<\/p>\n<p>Una vez el mediano estuvo unos d\u00edas ingresado en el hospital y por la noche le cont\u00e9 un cuento sobre la magia de los m\u00e9dicos que saben curar (aunque en otro marco f\u00edsico) sent\u00ed que mis palabras estaban curando el ambiente as\u00e9ptico, fr\u00edo y funcional de aquel lugar. Cuando se dorm\u00eda me dijo: -Papa, ahora le toca a mi \u00a0amigo el de la habitaci\u00f3n de aqu\u00ed al lado. Cont\u00e9 cuentos a toda la planta de pediatr\u00eda. Al d\u00eda siguiente le dieron el alta al amigo de mi hijo.<\/p>\n<p>Papa, cu\u00e9ntame \u00a0el cuento que le contaste a \u00e9l y que le ha curado.<\/p>\n<p>Tal vez le hab\u00eda curado el alma, abierto el esp\u00edritu, alimentado la imaginaci\u00f3n,le hab\u00eda aliviado su sentido en aquel espacio o simplemente es\u00a0que su alta estaba ya premeditada&#8230;<\/p>\n<p>El pasado jueves en Castalla tuve la grata oportunidad de participar en una sesi\u00f3n con Beatriz de\u00a0 <a href=\"http:\/\/vadecuentos.com\/\" target=\"_blank\" rel=\"noopener\">http:\/\/vadecuentos.com\/<\/a> en la que dislumbr\u00e9 que lo que inconscientemente llevo haciendo 15 a\u00f1os en las habitaciones de mis hijos, tiene ya un sentido terape\u00fatico.<\/p>\n<p>En un futuro inmediato los cuentos deber\u00e1n estar cerca de los sanadores para curar m\u00e1s all\u00e1 de las enfermedades del cuerpo.<\/p>\n<p>&nbsp;<\/p>\n<p>Me voy a contarle un cuento a mi peque\u00f1o\u00a0Manuel.<\/p>\n<p><img fetchpriority=\"high\" decoding=\"async\" class=\"alignnone  wp-image-941\" src=\"http:\/\/teatrointimo.com\/wp-content\/uploads\/2016\/01\/mam-producciones-cuentos-domicilio-.jpg\" alt=\"mam producciones cuentos domicilio\" width=\"421\" height=\"279\" title=\"\"><\/p>\n","protected":false},"excerpt":{"rendered":"<p>Tengo 2 hijos grandes y 1 hijo peque\u00f1o. Los grandes pasaron su infancia en Barcelona, est\u00e1bamos s\u00f3los, la familia lejos, ten\u00eda que inventar memorias bellas para mitigar la soledad, por las noches entraba en su habitaci\u00f3n y me inventaba un cuento.\u00a0Imaginaba un lugar, por ejemplo la playa, o una cueva inmensa o la luna, acto &hellip;<\/p>\n<p class=\"read-more\"> <a class=\"\" href=\"https:\/\/miguelangelmontilla.es\/?p=632\"> <span class=\"screen-reader-text\">Cuento-terapia o sanar a trav\u00e9s de los cuentos.<\/span> Leer m\u00e1s &raquo;<\/a><\/p>\n","protected":false},"author":3,"featured_media":0,"comment_status":"open","ping_status":"open","sticky":false,"template":"","format":"standard","meta":{"site-sidebar-layout":"default","site-content-layout":"default","ast-global-header-display":"","ast-main-header-display":"","ast-hfb-above-header-display":"","ast-hfb-below-header-display":"","ast-hfb-mobile-header-display":"","site-post-title":"","ast-breadcrumbs-content":"","ast-featured-img":"","footer-sml-layout":"","theme-transparent-header-meta":"","adv-header-id-meta":"","stick-header-meta":"","header-above-stick-meta":"","header-main-stick-meta":"","header-below-stick-meta":"","footnotes":""},"categories":[13],"tags":[146,145,144],"class_list":["post-632","post","type-post","status-publish","format-standard","hentry","category-experiencias-narracion-oral","tag-cuentosadomicilio","tag-cuentoterapia","tag-mimodrama"],"_links":{"self":[{"href":"https:\/\/miguelangelmontilla.es\/index.php?rest_route=\/wp\/v2\/posts\/632","targetHints":{"allow":["GET"]}}],"collection":[{"href":"https:\/\/miguelangelmontilla.es\/index.php?rest_route=\/wp\/v2\/posts"}],"about":[{"href":"https:\/\/miguelangelmontilla.es\/index.php?rest_route=\/wp\/v2\/types\/post"}],"author":[{"embeddable":true,"href":"https:\/\/miguelangelmontilla.es\/index.php?rest_route=\/wp\/v2\/users\/3"}],"replies":[{"embeddable":true,"href":"https:\/\/miguelangelmontilla.es\/index.php?rest_route=%2Fwp%2Fv2%2Fcomments&post=632"}],"version-history":[{"count":0,"href":"https:\/\/miguelangelmontilla.es\/index.php?rest_route=\/wp\/v2\/posts\/632\/revisions"}],"wp:attachment":[{"href":"https:\/\/miguelangelmontilla.es\/index.php?rest_route=%2Fwp%2Fv2%2Fmedia&parent=632"}],"wp:term":[{"taxonomy":"category","embeddable":true,"href":"https:\/\/miguelangelmontilla.es\/index.php?rest_route=%2Fwp%2Fv2%2Fcategories&post=632"},{"taxonomy":"post_tag","embeddable":true,"href":"https:\/\/miguelangelmontilla.es\/index.php?rest_route=%2Fwp%2Fv2%2Ftags&post=632"}],"curies":[{"name":"wp","href":"https:\/\/api.w.org\/{rel}","templated":true}]}}