{"id":638,"date":"2016-01-25T18:00:57","date_gmt":"2016-01-25T18:00:57","guid":{"rendered":"http:\/\/teatrointimo.com\/?p=919"},"modified":"2016-01-25T18:00:57","modified_gmt":"2016-01-25T18:00:57","slug":"sintamos-los-libros-recursos-sensoriales-adptados-a-bibliotecas","status":"publish","type":"post","link":"https:\/\/miguelangelmontilla.es\/?p=638","title":{"rendered":"Sintamos los libros( Recursos Sensoriales adaptados a Bibliotecas)"},"content":{"rendered":"<p>Una vez en la <strong>Biblioteca P\u00fablica Municipal de Villena<\/strong> \u00a0ide\u00e9 un proyecto llamado: \u201cLa paz sea con tu adentro\u201d <a href=\"http:\/\/www.elperiodicodevillena.com\/noticia.asp?idnoticia=76810\" target=\"_blank\" rel=\"noopener\">http:\/\/www.elperiodicodevillena.com\/noticia.asp?idnoticia=76810<\/a><\/p>\n<p>Se trataba de una <strong>experiencia sensorial<\/strong> en que los usuarios de la Biblioteca pod\u00edan sentir el aroma de los libros, la textura y la historia que albergan los cientos de ejemplares que se aglutinan en cualquier Biblioteca.<\/p>\n<p>Fue como un <strong>acto psicom\u00e1gico<\/strong> para conocer el adentro de la Biblioteca, y\u00a0 al tiempo descubrir el nuestro propio. Un viaje al inconsciente con billete de vuelta con cajas descatalogadas, fondo de libros locales, libros antiguos, revistas de otra \u00e9poca y una secci\u00f3n de Ciencias Ocultas que me produjo una curiosidad que todav\u00eda mantengo.<\/p>\n<p>Durante la experiencia de <strong>narraci\u00f3n sensorial<\/strong> sent\u00ed que la memoria que habitaba en esas paredes nos impregnaba, el espacio estaba cargado de pasados vividos por otros seres que se hab\u00edan preguntado cosas que no entend\u00edan y hab\u00edan pasado por la tierra lanzando preguntas que no tienen respuestas, porque nuestra mente es limitada aunque parad\u00f3jicamente nuestras capacidad de preguntar es m\u00e1s grande que nuestra comprensi\u00f3n para entender la respuesta.<\/p>\n<p>En la secci\u00f3n de ocultismo hab\u00eda una vibraci\u00f3n especial y cuando los viajeros \u201cespectadores\u201d caminaban por esas estanter\u00edas se convert\u00edan en c\u00f3mplices de la inmensidad.<\/p>\n<p>En el mundo de la <strong>narraci\u00f3n oral<\/strong> se ha establecido un c\u00f3digo bastante inflexible. Y este es el de narrador que narra y una auditorio que escucha. En mi b\u00fasqueda en el camino de contar historias realizo experiencias en las que la palabra se convierte en un <strong>recurso sensorial<\/strong> m\u00e1s (http:\/\/www.villena.es\/biblioteca\/)<\/p>\n<p><a href=\"http:\/\/teatrointimo.com\/wp-content\/uploads\/2016\/01\/100_3314.jpg\" target=\"_blank\" rel=\"noopener\"><img fetchpriority=\"high\" decoding=\"async\" class=\"alignnone  wp-image-920\" src=\"http:\/\/teatrointimo.com\/wp-content\/uploads\/2016\/01\/100_3314.jpg\" alt=\"100_3314\" width=\"551\" height=\"367\" title=\"\"><\/a><\/p>\n<p>&nbsp;<\/p>\n<p>&nbsp;<\/p>\n<p>&nbsp;<\/p>\n<p>&nbsp;<\/p>\n","protected":false},"excerpt":{"rendered":"<p>Una vez en la Biblioteca P\u00fablica Municipal de Villena \u00a0ide\u00e9 un proyecto llamado: \u201cLa paz sea con tu adentro\u201d http:\/\/www.elperiodicodevillena.com\/noticia.asp?idnoticia=76810 Se trataba de una experiencia sensorial en que los usuarios de la Biblioteca pod\u00edan sentir el aroma de los libros, la textura y la historia que albergan los cientos de ejemplares que se aglutinan en &hellip;<\/p>\n<p class=\"read-more\"> <a class=\"\" href=\"https:\/\/miguelangelmontilla.es\/?p=638\"> <span class=\"screen-reader-text\">Sintamos los libros( Recursos Sensoriales adaptados a Bibliotecas)<\/span> Leer m\u00e1s &raquo;<\/a><\/p>\n","protected":false},"author":3,"featured_media":0,"comment_status":"open","ping_status":"open","sticky":false,"template":"","format":"standard","meta":{"site-sidebar-layout":"default","site-content-layout":"default","ast-global-header-display":"","ast-main-header-display":"","ast-hfb-above-header-display":"","ast-hfb-below-header-display":"","ast-hfb-mobile-header-display":"","site-post-title":"","ast-breadcrumbs-content":"","ast-featured-img":"","footer-sml-layout":"","theme-transparent-header-meta":"","adv-header-id-meta":"","stick-header-meta":"","header-above-stick-meta":"","header-main-stick-meta":"","header-below-stick-meta":"","footnotes":""},"categories":[13],"tags":[152,64,153,154],"class_list":["post-638","post","type-post","status-publish","format-standard","hentry","category-experiencias-narracion-oral","tag-biblioteca","tag-narracionoral","tag-narracionsensorial","tag-recursosensorial"],"_links":{"self":[{"href":"https:\/\/miguelangelmontilla.es\/index.php?rest_route=\/wp\/v2\/posts\/638","targetHints":{"allow":["GET"]}}],"collection":[{"href":"https:\/\/miguelangelmontilla.es\/index.php?rest_route=\/wp\/v2\/posts"}],"about":[{"href":"https:\/\/miguelangelmontilla.es\/index.php?rest_route=\/wp\/v2\/types\/post"}],"author":[{"embeddable":true,"href":"https:\/\/miguelangelmontilla.es\/index.php?rest_route=\/wp\/v2\/users\/3"}],"replies":[{"embeddable":true,"href":"https:\/\/miguelangelmontilla.es\/index.php?rest_route=%2Fwp%2Fv2%2Fcomments&post=638"}],"version-history":[{"count":0,"href":"https:\/\/miguelangelmontilla.es\/index.php?rest_route=\/wp\/v2\/posts\/638\/revisions"}],"wp:attachment":[{"href":"https:\/\/miguelangelmontilla.es\/index.php?rest_route=%2Fwp%2Fv2%2Fmedia&parent=638"}],"wp:term":[{"taxonomy":"category","embeddable":true,"href":"https:\/\/miguelangelmontilla.es\/index.php?rest_route=%2Fwp%2Fv2%2Fcategories&post=638"},{"taxonomy":"post_tag","embeddable":true,"href":"https:\/\/miguelangelmontilla.es\/index.php?rest_route=%2Fwp%2Fv2%2Ftags&post=638"}],"curies":[{"name":"wp","href":"https:\/\/api.w.org\/{rel}","templated":true}]}}