{"id":647,"date":"2016-01-13T09:42:58","date_gmt":"2016-01-13T09:42:58","guid":{"rendered":"http:\/\/teatrointimo.com\/?p=824"},"modified":"2016-01-13T09:42:58","modified_gmt":"2016-01-13T09:42:58","slug":"2-campana-de-animacion-lectora-de-las-bibliotecas-de-villena-un-espacio-de-silencio-lleno-de-palabras","status":"publish","type":"post","link":"https:\/\/miguelangelmontilla.es\/?p=647","title":{"rendered":"2 campa\u00f1a de animaci\u00f3n lectora de las Bibliotecas de Villena. (Un espacio de silencio lleno de palabras)."},"content":{"rendered":"<p style=\"line-height: 15.55pt;\"><span style=\"font-size: 10.5pt; font-family: 'Georgia','serif'; color: #333333;\">Me gusta mucho contar cuentos en las bibliotecas.\u00a0<\/span><\/p>\n<p style=\"line-height: 15.55pt;\"><span style=\"font-size: 10.5pt; font-family: 'Georgia','serif'; color: #333333;\">Las bibliotecas son uno de esos pocos \u00abtemplos sagrados \u00bb donde todav\u00eda uno puede sumergirse en el silencio.<\/span><\/p>\n<p style=\"line-height: 15.55pt;\"><span style=\"font-size: 10.5pt; font-family: 'Georgia','serif'; color: #333333;\">El mundo cada vez es m\u00e1s ruidoso, me estoy dando cuenta estos \u00faltimo meses cuando trato de estudiar ingl\u00e9s en una aplicaci\u00f3n de m\u00f3vil llamada<span class=\"apple-converted-space\">\u00a0<\/span><a href=\"https:\/\/es.duolingo.com\/\" target=\"_blank\" rel=\"noopener\">Duolingo<\/a>. que me resulta extremadamente dif\u00edcil escuchar las frases que me propone la aplicaci\u00f3n, en la calle o en cualquier bar hay tanto ruido que cuando uno encuentra un espacio de silencio conecta verdaderamente con la serenidad necesaria para poder parar, para poder sentir \u00abel aqu\u00ed y ahora de la quietud\u00bb, para entender que sin silencio no puede haber calma.<\/span><\/p>\n<p style=\"line-height: 15.55pt;\"><span style=\"font-size: 10.5pt; font-family: 'Georgia','serif'; color: #333333;\">Las bibliotecas del futuro tal vez ser\u00e1n mucho m\u00e1s silenciosas, cuando ya a nadie le interese llevarse un libro f\u00edsico a su casa porque puedes descarg\u00e1rtelo en tu ebook, los libros quedar\u00e1n entonces como objeto de museo para ser contemplados en un mausoleo de otra \u00e9poca en el que toc\u00e1bamos, ol\u00edamos y nos hac\u00edamos c\u00f3mplices de las p\u00e1ginas amarillentas de un buen libro.<\/span><\/p>\n<p style=\"line-height: 15.55pt;\"><span style=\"font-size: 10.5pt; font-family: 'Georgia','serif'; color: #333333;\">La narraci\u00f3n oral surgi\u00f3 como necesidad de contar de transmitir a los que vienen lo que pas\u00f3, lo que vivimos, lo que sentimos y hoy se puede decir que es un milagro que se pueda seguir contando.<\/span><\/p>\n<p style=\"line-height: 15.55pt;\"><span style=\"font-size: 10.5pt; font-family: 'Georgia','serif'; color: #333333;\">Quiz\u00e1 en el futuro la biblioteca ser\u00e1 el \u00faltimo refugio para los \u00abnarradores orales\u00bb y aquellos que todav\u00eda creen en el poder creador de la palabra. \u00a0Lo que hablas es lo que creas.<\/span><\/p>\n<p style=\"line-height: 15.55pt;\"><span style=\"font-size: 10.5pt; font-family: 'Georgia','serif'; color: #333333;\">Cada noche mi hijo menor me pide un cuento, porque sabe que su habitaci\u00f3n se poblar\u00e1 de seres que el mismo imaginar\u00e1 y que le har\u00e1n despertar hacia el \u00abotro lado de la realidad\u00bb, aquella que no vemos, que s\u00f3lo es tangible para el coraz\u00f3n. Y el sabe que ese mundo es m\u00e1s inmenso que el f\u00edsico. Porque caducamos y nos convertimos en polvo, pero las historias que plasmamos en papel quedan para aliento y sugerencia que despierta y revive lo que en alg\u00fan d\u00eda lejano ocurri\u00f3 o alguien imagin\u00f3.<\/span><\/p>\n<p style=\"line-height: 15.55pt;\"><span style=\"font-size: 10.5pt; font-family: 'Georgia','serif'; color: #333333;\">El pr\u00f3ximo 29 de enero comienzo la campa\u00f1a de animaci\u00f3n lectora en las<span class=\"apple-converted-space\">\u00a0<\/span><\/span><a href=\"https:\/\/www.facebook.com\/bib.villena\/\" target=\"_blank\" rel=\"noopener\"><span style=\"font-size: 10.5pt; font-family: 'Georgia','serif';\">Bibliotecas P\u00fablicas Municipales de Villena\u00a0<\/span><\/a><span style=\"font-size: 10.5pt; font-family: 'Georgia','serif'; color: #333333;\">\u00a0con el \u00e1nimo de sembrar palabras que ahonden en la \u00abmemoria po\u00e9tica\u00bb de los infantes y con la esperanza de que estos peque\u00f1os sabios cuenten por la noche dentro de 30 a\u00f1os a sus hijos historias que puede sean contadas tambi\u00e9n a los hijos de sus hijos.<\/span><\/p>\n<p style=\"line-height: 15.55pt;\"><span style=\"font-size: 10.5pt; font-family: 'Georgia','serif'; color: #333333;\">Palabra de cuento<\/span><\/p>\n<p style=\"line-height: 15.55pt;\"><span style=\"font-size: 10.5pt; font-family: 'Georgia','serif'; color: #333333;\">Amen<\/span><\/p>\n<p style=\"line-height: 15.55pt;\"><span style=\"font-size: 10.5pt; font-family: 'Georgia','serif'; color: #333333;\">\u00a0<\/span><\/p>\n<figure id=\"attachment_562\" aria-describedby=\"caption-attachment-562\" style=\"width: 300px\" class=\"wp-caption alignnone\"><a href=\"http:\/\/teatrointimo.com\/wp-content\/uploads\/2013\/11\/4.jpg\" target=\"_blank\" rel=\"noopener\"><img fetchpriority=\"high\" decoding=\"async\" class=\"size-medium wp-image-562\" src=\"http:\/\/teatrointimo.com\/wp-content\/uploads\/2013\/11\/4-300x288.jpg\" alt=\"no te vayas..\" width=\"300\" height=\"288\" title=\"\"><\/a><figcaption id=\"caption-attachment-562\" class=\"wp-caption-text\">no te vayas..<\/figcaption><\/figure>\n","protected":false},"excerpt":{"rendered":"<p>Me gusta mucho contar cuentos en las bibliotecas.\u00a0 Las bibliotecas son uno de esos pocos \u00abtemplos sagrados \u00bb donde todav\u00eda uno puede sumergirse en el silencio. El mundo cada vez es m\u00e1s ruidoso, me estoy dando cuenta estos \u00faltimo meses cuando trato de estudiar ingl\u00e9s en una aplicaci\u00f3n de m\u00f3vil llamada\u00a0Duolingo. que me resulta extremadamente &hellip;<\/p>\n<p class=\"read-more\"> <a class=\"\" href=\"https:\/\/miguelangelmontilla.es\/?p=647\"> <span class=\"screen-reader-text\">2 campa\u00f1a de animaci\u00f3n lectora de las Bibliotecas de Villena. (Un espacio de silencio lleno de palabras).<\/span> Leer m\u00e1s &raquo;<\/a><\/p>\n","protected":false},"author":3,"featured_media":0,"comment_status":"open","ping_status":"open","sticky":false,"template":"","format":"standard","meta":{"site-sidebar-layout":"default","site-content-layout":"default","ast-global-header-display":"","ast-main-header-display":"","ast-hfb-above-header-display":"","ast-hfb-below-header-display":"","ast-hfb-mobile-header-display":"","site-post-title":"","ast-breadcrumbs-content":"","ast-featured-img":"","footer-sml-layout":"","theme-transparent-header-meta":"","adv-header-id-meta":"","stick-header-meta":"","header-above-stick-meta":"","header-main-stick-meta":"","header-below-stick-meta":"","footnotes":""},"categories":[13],"tags":[],"class_list":["post-647","post","type-post","status-publish","format-standard","hentry","category-experiencias-narracion-oral"],"_links":{"self":[{"href":"https:\/\/miguelangelmontilla.es\/index.php?rest_route=\/wp\/v2\/posts\/647","targetHints":{"allow":["GET"]}}],"collection":[{"href":"https:\/\/miguelangelmontilla.es\/index.php?rest_route=\/wp\/v2\/posts"}],"about":[{"href":"https:\/\/miguelangelmontilla.es\/index.php?rest_route=\/wp\/v2\/types\/post"}],"author":[{"embeddable":true,"href":"https:\/\/miguelangelmontilla.es\/index.php?rest_route=\/wp\/v2\/users\/3"}],"replies":[{"embeddable":true,"href":"https:\/\/miguelangelmontilla.es\/index.php?rest_route=%2Fwp%2Fv2%2Fcomments&post=647"}],"version-history":[{"count":0,"href":"https:\/\/miguelangelmontilla.es\/index.php?rest_route=\/wp\/v2\/posts\/647\/revisions"}],"wp:attachment":[{"href":"https:\/\/miguelangelmontilla.es\/index.php?rest_route=%2Fwp%2Fv2%2Fmedia&parent=647"}],"wp:term":[{"taxonomy":"category","embeddable":true,"href":"https:\/\/miguelangelmontilla.es\/index.php?rest_route=%2Fwp%2Fv2%2Fcategories&post=647"},{"taxonomy":"post_tag","embeddable":true,"href":"https:\/\/miguelangelmontilla.es\/index.php?rest_route=%2Fwp%2Fv2%2Ftags&post=647"}],"curies":[{"name":"wp","href":"https:\/\/api.w.org\/{rel}","templated":true}]}}