{"id":651,"date":"2016-01-11T13:29:25","date_gmt":"2016-01-11T13:29:25","guid":{"rendered":"http:\/\/teatrointimo.com\/?p=807"},"modified":"2016-01-11T13:29:25","modified_gmt":"2016-01-11T13:29:25","slug":"la-creativa-espacio-de-experimentacion-artistico-teatral","status":"publish","type":"post","link":"https:\/\/miguelangelmontilla.es\/?p=651","title":{"rendered":"LA CREATIVA \u00abEspacio de experimentaci\u00f3n art\u00edstico-teatral\u00bb"},"content":{"rendered":"<p>&nbsp;<\/p>\n<p>&nbsp;<\/p>\n<table width=\"1440\">\n<tbody>\n<tr>\n<td>\n<p>Enrique Vargas, director del www.teatrodelossentidos.com \u00a0<a href=\"http:\/\/www.teatrodelossentidos.com\" target=\"_blank\" rel=\"noopener\">Compa\u00f1\u00eda que investiga con la piel<\/a>\u00a0\u00a0inventor del #teatrosensorial nos dec\u00eda a los actores que formabamos parte de su compa\u00f1\u00eda en una gira internacional que tuve la suerte de realizar que &lt;em&gt;\u00a0\u00abprobablemente en un futuro no muy lejano el teatro servir\u00e1 a los seres humanos para recordarles que tenemos cuerpo\u00bb.<\/p>\n<\/td>\n<\/tr>\n<tr>\n<td>\n<p>En un mundo cada vez m\u00e1s virtual y donde la \u00abtiran\u00eda de lo visual\u00bb se impone como forma de vida las propuestas vivas \u00abcomo el teatro\u00bb tendr\u00e1n un peso relevante puesto que es un arte vivo y ef\u00edmero al tiempo, otorgando al espectador el privilegio de sentir la experiencia esc\u00e9nica como \u00fanica e irrepetible.<\/p>\n<\/td>\n<\/tr>\n<tr>\n<td>\n<p>Desde @lacreativa (espacio de experimentaci\u00f3n teatral en la KAKU de Villena los mi\u00e9rcoles de 5:30 a 6:30 para ni\u00f1os y de 9:00 a 10:30 para adultos), tenemos como principal objetivo que nuestros alumnos encuentren \u00absu propio teatro\u00bb dando valor a la manera en cada uno tiene de expresarse y de sentir.<\/p>\n<\/td>\n<\/tr>\n<tr>\n<td>\n<p>En este primer trimestre hemos podido comprobar el inmenso potencial que tienen nuestros participantes, cuando de unos textos que ellos mismos han escrito sobre la tem\u00e1tica del amor han desarrollado verdaderas #performances cargadas de sentimiento y emoci\u00f3n.<\/p>\n<\/td>\n<\/tr>\n<tr>\n<td>\n<p>Ha sido una suerte participar en el monogr\u00e1fico de dos sesiones que nos brindo @Mai Sanchez dentro de la pol\u00edtica de nuestra escuela de invitar a profesionales que nos abran nuevos imaginarios de creaci\u00f3n.<\/p>\n<\/td>\n<\/tr>\n<tr>\n<td>\n<p>Los ni\u00f1os por otro lado han desarrollado sus propias escenograf\u00edas de la mano de @Antonio Moralesky e interpretado cuentos rompiendo el hielo de actuar por primera vez \u00abalgunos de ellos\u00bb.<\/p>\n<\/td>\n<\/tr>\n<tr>\n<td>\n<p>Abordamos este nuevo trimestre con renovado entusiasmo y para ello vamos a contar con la colaboraci\u00f3n de @Chechu Obrer que es un excelente percusionista con una inmensa creatividad.<\/p>\n<\/td>\n<\/tr>\n<tr>\n<td>\n<p>@Jose Pollo guiar\u00e1 este trimestre a los adultos con el \u00e1nimo de crear una experiencia en el d\u00eda mundial del teatro, como hemos venido haciendo los \u00faltimos a\u00f1os.<\/p>\n<\/td>\n<\/tr>\n<tr>\n<td>\n<p>Y en la parte de social y media y administraci\u00f3n tenemos la suerte de contar con @Ana Montilla y @Berta Nadal Oliver<\/p>\n<\/td>\n<\/tr>\n<tr>\n<td>\n<p>Sin duda un equipo de profesionales de alta cualificaci\u00f3n que realizan su trabajo con entusiasmo y entrega convirtiendo nuestro proyecto en un referente pedag\u00f3gico de las artes esc\u00e9nicas del alto Vinalopo.<\/p>\n<\/td>\n<\/tr>\n<tr>\n<td>\n<p>Sin duda un honor formar parte de este equipo y tener alumnos tan motivados y entusiastas.<\/p>\n<p>Muchas gracias a la KAKU (Casa de la Cultura de Villena) por ceder sus instalaciones y fomentar el arte esc\u00e9nica en Villena y provincia.<\/p>\n<p>&nbsp;<\/p>\n<\/td>\n<\/tr>\n<tr>\n<td>\u00a0<\/td>\n<\/tr>\n<\/tbody>\n<\/table>\n","protected":false},"excerpt":{"rendered":"<p>&nbsp; &nbsp; Enrique Vargas, director del www.teatrodelossentidos.com \u00a0Compa\u00f1\u00eda que investiga con la piel\u00a0\u00a0inventor del #teatrosensorial nos dec\u00eda a los actores que formabamos parte de su compa\u00f1\u00eda en una gira internacional que tuve la suerte de realizar que &lt;em&gt;\u00a0\u00abprobablemente en un futuro no muy lejano el teatro servir\u00e1 a los seres humanos para recordarles que tenemos &hellip;<\/p>\n<p class=\"read-more\"> <a class=\"\" href=\"https:\/\/miguelangelmontilla.es\/?p=651\"> <span class=\"screen-reader-text\">LA CREATIVA \u00abEspacio de experimentaci\u00f3n art\u00edstico-teatral\u00bb<\/span> Leer m\u00e1s &raquo;<\/a><\/p>\n","protected":false},"author":3,"featured_media":0,"comment_status":"open","ping_status":"open","sticky":false,"template":"","format":"standard","meta":{"site-sidebar-layout":"default","site-content-layout":"default","ast-global-header-display":"","ast-main-header-display":"","ast-hfb-above-header-display":"","ast-hfb-below-header-display":"","ast-hfb-mobile-header-display":"","site-post-title":"","ast-breadcrumbs-content":"","ast-featured-img":"","footer-sml-layout":"","theme-transparent-header-meta":"","adv-header-id-meta":"","stick-header-meta":"","header-above-stick-meta":"","header-main-stick-meta":"","header-below-stick-meta":"","footnotes":""},"categories":[12],"tags":[],"class_list":["post-651","post","type-post","status-publish","format-standard","hentry","category-experiencias-pedagogia-teatral"],"_links":{"self":[{"href":"https:\/\/miguelangelmontilla.es\/index.php?rest_route=\/wp\/v2\/posts\/651","targetHints":{"allow":["GET"]}}],"collection":[{"href":"https:\/\/miguelangelmontilla.es\/index.php?rest_route=\/wp\/v2\/posts"}],"about":[{"href":"https:\/\/miguelangelmontilla.es\/index.php?rest_route=\/wp\/v2\/types\/post"}],"author":[{"embeddable":true,"href":"https:\/\/miguelangelmontilla.es\/index.php?rest_route=\/wp\/v2\/users\/3"}],"replies":[{"embeddable":true,"href":"https:\/\/miguelangelmontilla.es\/index.php?rest_route=%2Fwp%2Fv2%2Fcomments&post=651"}],"version-history":[{"count":0,"href":"https:\/\/miguelangelmontilla.es\/index.php?rest_route=\/wp\/v2\/posts\/651\/revisions"}],"wp:attachment":[{"href":"https:\/\/miguelangelmontilla.es\/index.php?rest_route=%2Fwp%2Fv2%2Fmedia&parent=651"}],"wp:term":[{"taxonomy":"category","embeddable":true,"href":"https:\/\/miguelangelmontilla.es\/index.php?rest_route=%2Fwp%2Fv2%2Fcategories&post=651"},{"taxonomy":"post_tag","embeddable":true,"href":"https:\/\/miguelangelmontilla.es\/index.php?rest_route=%2Fwp%2Fv2%2Ftags&post=651"}],"curies":[{"name":"wp","href":"https:\/\/api.w.org\/{rel}","templated":true}]}}