{"id":693,"date":"2013-10-14T18:24:55","date_gmt":"2013-10-14T18:24:55","guid":{"rendered":"http:\/\/www.teatrointimo.net\/?p=270"},"modified":"2013-10-14T18:24:55","modified_gmt":"2013-10-14T18:24:55","slug":"tu-cuentas-cuenta-tu","status":"publish","type":"post","link":"https:\/\/miguelangelmontilla.es\/?p=693","title":{"rendered":"TU CUENTAS, CUENTA TU&#8230;"},"content":{"rendered":"<p><a href=\"http:\/\/www.teatrointimo.net\/wp-content\/uploads\/2013\/10\/sapoysepohombros1.JPG\" title=\"sapoysepo\" target=\"_blank\" rel=\"noopener\">sapoysepo<\/a><em><strong>Desde el pr\u00f3ximo 18 de Octubre de 2013 al 29 de octubre de 2013<\/strong><\/em> , inicio la campa\u00f1a de animaci\u00f3n lectora en las Bibliotecas P\u00fablicas Municipales de Villena.\u00a0 Me esperan m\u00e1s de medio centenar de actuaciones en la que lo infantes y sus maestros (gu\u00edas) podr\u00e1n disfrutar de la sesi\u00f3n \u00abCONTIGO PUEDO CONTAR\u00bb.\u00a0 Alegr\u00eda, entusiasmo, originalidad, poes\u00eda y mucho amor&#8230;<\/p>\n","protected":false},"excerpt":{"rendered":"<p>sapoysepoDesde el pr\u00f3ximo 18 de Octubre de 2013 al 29 de octubre de 2013 , inicio la campa\u00f1a de animaci\u00f3n lectora en las Bibliotecas P\u00fablicas Municipales de Villena.\u00a0 Me esperan m\u00e1s de medio centenar de actuaciones en la que lo infantes y sus maestros (gu\u00edas) podr\u00e1n disfrutar de la sesi\u00f3n \u00abCONTIGO PUEDO CONTAR\u00bb.\u00a0 Alegr\u00eda, entusiasmo, &hellip;<\/p>\n<p class=\"read-more\"> <a class=\"\" href=\"https:\/\/miguelangelmontilla.es\/?p=693\"> <span class=\"screen-reader-text\">TU CUENTAS, CUENTA TU&#8230;<\/span> Leer m\u00e1s &raquo;<\/a><\/p>\n","protected":false},"author":3,"featured_media":0,"comment_status":"open","ping_status":"open","sticky":false,"template":"","format":"standard","meta":{"site-sidebar-layout":"default","site-content-layout":"default","ast-global-header-display":"","ast-main-header-display":"","ast-hfb-above-header-display":"","ast-hfb-below-header-display":"","ast-hfb-mobile-header-display":"","site-post-title":"","ast-breadcrumbs-content":"","ast-featured-img":"","footer-sml-layout":"","theme-transparent-header-meta":"","adv-header-id-meta":"","stick-header-meta":"","header-above-stick-meta":"","header-main-stick-meta":"","header-below-stick-meta":"","footnotes":""},"categories":[1],"tags":[],"class_list":["post-693","post","type-post","status-publish","format-standard","hentry","category-experiencia"],"_links":{"self":[{"href":"https:\/\/miguelangelmontilla.es\/index.php?rest_route=\/wp\/v2\/posts\/693","targetHints":{"allow":["GET"]}}],"collection":[{"href":"https:\/\/miguelangelmontilla.es\/index.php?rest_route=\/wp\/v2\/posts"}],"about":[{"href":"https:\/\/miguelangelmontilla.es\/index.php?rest_route=\/wp\/v2\/types\/post"}],"author":[{"embeddable":true,"href":"https:\/\/miguelangelmontilla.es\/index.php?rest_route=\/wp\/v2\/users\/3"}],"replies":[{"embeddable":true,"href":"https:\/\/miguelangelmontilla.es\/index.php?rest_route=%2Fwp%2Fv2%2Fcomments&post=693"}],"version-history":[{"count":0,"href":"https:\/\/miguelangelmontilla.es\/index.php?rest_route=\/wp\/v2\/posts\/693\/revisions"}],"wp:attachment":[{"href":"https:\/\/miguelangelmontilla.es\/index.php?rest_route=%2Fwp%2Fv2%2Fmedia&parent=693"}],"wp:term":[{"taxonomy":"category","embeddable":true,"href":"https:\/\/miguelangelmontilla.es\/index.php?rest_route=%2Fwp%2Fv2%2Fcategories&post=693"},{"taxonomy":"post_tag","embeddable":true,"href":"https:\/\/miguelangelmontilla.es\/index.php?rest_route=%2Fwp%2Fv2%2Ftags&post=693"}],"curies":[{"name":"wp","href":"https:\/\/api.w.org\/{rel}","templated":true}]}}