{"id":694,"date":"2012-10-24T11:28:13","date_gmt":"2012-10-24T11:28:13","guid":{"rendered":"http:\/\/www.teatrointimo.net\/?p=195"},"modified":"2012-10-24T11:28:13","modified_gmt":"2012-10-24T11:28:13","slug":"la-casa-de-los-recuerdos-2","status":"publish","type":"post","link":"https:\/\/miguelangelmontilla.es\/?p=694","title":{"rendered":"LA CASA DE LOS RECUERDOS&#8230;"},"content":{"rendered":"<p>Teatro Intimo ha comenzado la campa\u00f1a de animaci\u00f3n lectora en las Bibliotecas P\u00fablicas de Villena. Bajo el lema: TENGO UNA BIBLIOTECA EN MI CASA y UNA CASA EN MI BIBLIOTECA.<\/p>\n<p>En esta primera campa\u00f1a los escolares escriben y dibujan en peque\u00f1os libritos recuerdos y estamos construyendo una biblioteca de la memoria.<\/p>\n<p>Cada d\u00eda publicaremos en este blog los recuerdos que tengan intr\u00ednseco un contenido po\u00e9tico.<\/p>\n<p>Al final de la Campa\u00f1a un jurado compuesto por escritores locales dictaminar\u00e1 que tres recuerdos se publican en el Peri\u00f3dico de Villena.<\/p>\n<p>HORARIOS DE LA CAMPA\u00d1A.<\/p>\n<p>Del 22 de octubre al 31 de octubre de 9.30 en adelante pases de 45 minutos. (En la Biblioteca Miguel Hern\u00e1ndez)<\/p>\n<p>El 31 de octubre de 9.30 en adelante\u00a0 (En la Biblioteca del Barrio de San Francisco)<\/p>\n<p>Del 15 de noviembre al 3 de Diciembre de 9.30 en adelante (En la Biblioteca del Barrio de la Paz).<\/p>\n<p>Acercamos la magia de la lectura a los m\u00e1s peque\u00f1os&#8230;<\/p>\n","protected":false},"excerpt":{"rendered":"<p>Teatro Intimo ha comenzado la campa\u00f1a de animaci\u00f3n lectora en las Bibliotecas P\u00fablicas de Villena. Bajo el lema: TENGO UNA BIBLIOTECA EN MI CASA y UNA CASA EN MI BIBLIOTECA. En esta primera campa\u00f1a los escolares escriben y dibujan en peque\u00f1os libritos recuerdos y estamos construyendo una biblioteca de la memoria. Cada d\u00eda publicaremos en &hellip;<\/p>\n<p class=\"read-more\"> <a class=\"\" href=\"https:\/\/miguelangelmontilla.es\/?p=694\"> <span class=\"screen-reader-text\">LA CASA DE LOS RECUERDOS&#8230;<\/span> Leer m\u00e1s &raquo;<\/a><\/p>\n","protected":false},"author":3,"featured_media":0,"comment_status":"open","ping_status":"open","sticky":false,"template":"","format":"standard","meta":{"site-sidebar-layout":"default","site-content-layout":"default","ast-global-header-display":"","ast-main-header-display":"","ast-hfb-above-header-display":"","ast-hfb-below-header-display":"","ast-hfb-mobile-header-display":"","site-post-title":"","ast-breadcrumbs-content":"","ast-featured-img":"","footer-sml-layout":"","theme-transparent-header-meta":"","adv-header-id-meta":"","stick-header-meta":"","header-above-stick-meta":"","header-main-stick-meta":"","header-below-stick-meta":"","footnotes":""},"categories":[1],"tags":[],"class_list":["post-694","post","type-post","status-publish","format-standard","hentry","category-experiencia"],"_links":{"self":[{"href":"https:\/\/miguelangelmontilla.es\/index.php?rest_route=\/wp\/v2\/posts\/694","targetHints":{"allow":["GET"]}}],"collection":[{"href":"https:\/\/miguelangelmontilla.es\/index.php?rest_route=\/wp\/v2\/posts"}],"about":[{"href":"https:\/\/miguelangelmontilla.es\/index.php?rest_route=\/wp\/v2\/types\/post"}],"author":[{"embeddable":true,"href":"https:\/\/miguelangelmontilla.es\/index.php?rest_route=\/wp\/v2\/users\/3"}],"replies":[{"embeddable":true,"href":"https:\/\/miguelangelmontilla.es\/index.php?rest_route=%2Fwp%2Fv2%2Fcomments&post=694"}],"version-history":[{"count":0,"href":"https:\/\/miguelangelmontilla.es\/index.php?rest_route=\/wp\/v2\/posts\/694\/revisions"}],"wp:attachment":[{"href":"https:\/\/miguelangelmontilla.es\/index.php?rest_route=%2Fwp%2Fv2%2Fmedia&parent=694"}],"wp:term":[{"taxonomy":"category","embeddable":true,"href":"https:\/\/miguelangelmontilla.es\/index.php?rest_route=%2Fwp%2Fv2%2Fcategories&post=694"},{"taxonomy":"post_tag","embeddable":true,"href":"https:\/\/miguelangelmontilla.es\/index.php?rest_route=%2Fwp%2Fv2%2Ftags&post=694"}],"curies":[{"name":"wp","href":"https:\/\/api.w.org\/{rel}","templated":true}]}}