{"id":708,"date":"2011-01-28T15:37:58","date_gmt":"2011-01-28T15:37:58","guid":{"rendered":"http:\/\/www.teatrointimo.net\/?p=147"},"modified":"2011-01-28T15:37:58","modified_gmt":"2011-01-28T15:37:58","slug":"la-bicicleta-el-gitano-de-ojos-claros-mi-padre","status":"publish","type":"post","link":"https:\/\/miguelangelmontilla.es\/?p=708","title":{"rendered":"la bicicleta, el gitano de ojos claros, mi padre."},"content":{"rendered":"<p><a href=\"http:\/\/www.teatrointimo.net\/wp-content\/uploads\/2011\/01\/box_bici_robada3.jpg\" title=\"box_bici_robada3.jpg\" target=\"_blank\" rel=\"noopener\"><img decoding=\"async\" src=\"http:\/\/www.teatrointimo.net\/wp-content\/uploads\/2011\/01\/box_bici_robada3.thumbnail.jpg\" alt=\"box_bici_robada3.jpg\" title=\"\"><\/a><\/p>\n<p>Durante a\u00f1os dese\u00e9 una bicicleta con todas mis ansias. Lo que me daban mis padres para comprarme algo en el cine lo ahorr\u00e9 durante a\u00f1os para poder tenerla.<\/p>\n<p>Un d\u00eda abr\u00ed la hucha y compr\u00e9 la bicicleta. Cuando me sub\u00ed y sent\u00ed la velocidad del aire d\u00e1ndome en la cara me d\u00ed cuenta que todos esos domingos de privaci\u00f3n dulzaria hab\u00edan merecido la pena.<\/p>\n<p>Al d\u00eda siguiente un gitano cuyo ojos me recordaban un cielo nublado, me la quiso quitar, me empuj\u00f3, mi cabeza golpe\u00f3 contra una pared de cal, \u00e9l levant\u00f3 la rueda y justo cuando giraba la esquina se cruz\u00f3 con mi padre que recuper\u00f3 mi bicicleta y me acurruc\u00f3 entre sus brazos, mientras lloraba.<\/p>\n<p>Ahora que me hice grande, \u00bfquien me cuida, quien cura mis heridas, quien me habla despacio, quien me protege?<\/p>\n<p>Echo de menos mi bicicleta, echo de menos que mi padre me cuide.<\/p>\n","protected":false},"excerpt":{"rendered":"<p>Durante a\u00f1os dese\u00e9 una bicicleta con todas mis ansias. Lo que me daban mis padres para comprarme algo en el cine lo ahorr\u00e9 durante a\u00f1os para poder tenerla. Un d\u00eda abr\u00ed la hucha y compr\u00e9 la bicicleta. Cuando me sub\u00ed y sent\u00ed la velocidad del aire d\u00e1ndome en la cara me d\u00ed cuenta que todos &hellip;<\/p>\n<p class=\"read-more\"> <a class=\"\" href=\"https:\/\/miguelangelmontilla.es\/?p=708\"> <span class=\"screen-reader-text\">la bicicleta, el gitano de ojos claros, mi padre.<\/span> Leer m\u00e1s &raquo;<\/a><\/p>\n","protected":false},"author":3,"featured_media":0,"comment_status":"open","ping_status":"open","sticky":false,"template":"","format":"standard","meta":{"site-sidebar-layout":"default","site-content-layout":"default","ast-global-header-display":"","ast-main-header-display":"","ast-hfb-above-header-display":"","ast-hfb-below-header-display":"","ast-hfb-mobile-header-display":"","site-post-title":"","ast-breadcrumbs-content":"","ast-featured-img":"","footer-sml-layout":"","theme-transparent-header-meta":"","adv-header-id-meta":"","stick-header-meta":"","header-above-stick-meta":"","header-main-stick-meta":"","header-below-stick-meta":"","footnotes":""},"categories":[1],"tags":[],"class_list":["post-708","post","type-post","status-publish","format-standard","hentry","category-experiencia"],"_links":{"self":[{"href":"https:\/\/miguelangelmontilla.es\/index.php?rest_route=\/wp\/v2\/posts\/708","targetHints":{"allow":["GET"]}}],"collection":[{"href":"https:\/\/miguelangelmontilla.es\/index.php?rest_route=\/wp\/v2\/posts"}],"about":[{"href":"https:\/\/miguelangelmontilla.es\/index.php?rest_route=\/wp\/v2\/types\/post"}],"author":[{"embeddable":true,"href":"https:\/\/miguelangelmontilla.es\/index.php?rest_route=\/wp\/v2\/users\/3"}],"replies":[{"embeddable":true,"href":"https:\/\/miguelangelmontilla.es\/index.php?rest_route=%2Fwp%2Fv2%2Fcomments&post=708"}],"version-history":[{"count":0,"href":"https:\/\/miguelangelmontilla.es\/index.php?rest_route=\/wp\/v2\/posts\/708\/revisions"}],"wp:attachment":[{"href":"https:\/\/miguelangelmontilla.es\/index.php?rest_route=%2Fwp%2Fv2%2Fmedia&parent=708"}],"wp:term":[{"taxonomy":"category","embeddable":true,"href":"https:\/\/miguelangelmontilla.es\/index.php?rest_route=%2Fwp%2Fv2%2Fcategories&post=708"},{"taxonomy":"post_tag","embeddable":true,"href":"https:\/\/miguelangelmontilla.es\/index.php?rest_route=%2Fwp%2Fv2%2Ftags&post=708"}],"curies":[{"name":"wp","href":"https:\/\/api.w.org\/{rel}","templated":true}]}}